{"id":78978,"date":"2025-03-17T10:59:58","date_gmt":"2025-03-17T09:59:58","guid":{"rendered":"https:\/\/vistiendobebes.com\/cierzo-e-grecale-roupas-de-bebe-com-estilo\/"},"modified":"2025-03-17T11:28:07","modified_gmt":"2025-03-17T10:28:07","slug":"cierzo-e-grecale-roupas-de-bebe-com-estilo","status":"publish","type":"post","link":"https:\/\/vistiendobebes.com\/pt-pt\/cierzo-e-grecale-roupas-de-bebe-com-estilo\/","title":{"rendered":"Cierzo e Grecale Roupas de beb\u00e9 com estilo"},"content":{"rendered":"<div class=\"wpb-content-wrapper\"><p>[vc_row][vc_column][vc_column_text css=&#8221;&#8221; woodmart_inline=&#8221;no&#8221; text_larger=&#8221;no&#8221;]<\/p>\r\n<p><span class=\"relative -mx-px my-[-0.2rem] rounded px-px py-[0.2rem]\">Na marca de moda infantil Juliana apresentamos as \u00faltimas colec\u00e7\u00f5es, <strong data-start=\"68\" data-end=\"78\">Cierzo<\/strong> e <strong data-start=\"81\" data-end=\"92\">Grecale<\/strong>, roupas de beb\u00e9 elegantes concebidas para vestir beb\u00e9s e crian\u00e7as com estilo e conforto.<\/span> <!--more--><\/p>\r\n<p data-start=\"1036\" data-end=\"1299\"><strong data-start=\"1144\" data-end=\"1154\">Cierzo<\/strong> e <strong data-start=\"1157\" data-end=\"1168\">Grecale<\/strong>s\u00e3o um compromisso com a tradi\u00e7\u00e3o, o design cuidado e os tecidos naturais que marcam tend\u00eancias na moda infantil mais exclusiva.<\/p>\r\n<p data-start=\"1301\" data-end=\"1565\">Estas colec\u00e7\u00f5es de roupa para crian\u00e7a inspiram-se no vento que d\u00e1 o seu nome e evocam um estilo fresco, sofisticado e intemporal. Concebidas para beb\u00e9s desde os primeiros meses at\u00e9 aos meninos e meninas de 6 anos, estas colec\u00e7\u00f5es combinam conforto e eleg\u00e2ncia em cada pe\u00e7a.<\/p>\r\n<h2>Como \u00e9 que s\u00e3o as roupas de beb\u00e9 elegantes do <span class=\"relative -mx-px my-[-0.2rem] rounded px-px py-[0.2rem]\"><strong data-start=\"68\" data-end=\"78\">Cierzo<\/strong> e<\/span> do <strong data-start=\"81\" data-end=\"92\">Grecale?<\/strong><\/h2>\r\n<p><span class=\"relative -mx-px my-[-0.2rem] rounded px-px py-[0.2rem]\">Destacam-se pela sua frescura, charme e aten\u00e7\u00e3o aos detalhes, oferecendo op\u00e7\u00f5es ideais para dias de sol e brisas de primavera.<\/span><\/p>\r\n<!-- \/wp:post-content -->\r\n<p>&nbsp;<\/p>\r\n<!-- wp:heading {\"level\":3} -->\r\n<h3 class=\"wp-block-heading\"><a href=\"https:\/\/vistiendobebes.com\/pt-pt\/portfolio\/colecao-cierzo\/\" target=\"_blank\" rel=\"noopener\">Cole\u00e7\u00e3o Cierzo<\/a>: Alegria e versatilidade em cada pe\u00e7a de vestu\u00e1rio<\/h3>\r\n<!-- \/wp:heading -->\r\n<p>&nbsp;<\/p>\r\n<!-- wp:paragraph -->\r\n<p data-start=\"1336\" data-end=\"1691\" data-wp-editing=\"1\"><img loading=\"lazy\" decoding=\"async\" class=\"size-full wp-image-77714 aligncenter\" title=\"Cole\u00e7\u00e3o de crian\u00e7as veado Juliana\" src=\"https:\/\/vistiendobebes.com\/wp-content\/uploads\/2025\/01\/2-4.jpg\" alt=\"Cole\u00e7\u00e3o de crian\u00e7as veado Juliana\" width=\"1000\" height=\"1000\" srcset=\"https:\/\/vistiendobebes.com\/wp-content\/uploads\/2025\/01\/2-4.jpg 1000w, https:\/\/vistiendobebes.com\/wp-content\/uploads\/2025\/01\/2-4-300x300.jpg 300w, https:\/\/vistiendobebes.com\/wp-content\/uploads\/2025\/01\/2-4-150x150.jpg 150w, https:\/\/vistiendobebes.com\/wp-content\/uploads\/2025\/01\/2-4-768x768.jpg 768w\" sizes=\"auto, (max-width: 1000px) 100vw, 1000px\" \/><\/p>\r\n<p data-start=\"1336\" data-end=\"1691\" data-wp-editing=\"1\"><strong data-start=\"1339\" data-end=\"1359\">A cole\u00e7\u00e3o Cierzo<\/strong> da Juliana \u00e9 uma homenagem aos dias quentes e \u00e0 brisa suave que anuncia a chegada da primavera. Fabricada em Espanha, esta linha destaca-se pelas suas <strong data-start=\"1516\" data-end=\"1565\">cores vibrantes e<\/strong> pelos <strong data-start=\"1516\" data-end=\"1565\">estampados em xadrez vichy<\/strong>, ideais para beb\u00e9s e meninas. Cada pe\u00e7a \u00e9 concebida tendo em conta o conforto dos mais pequenos, sem comprometer o estilo.<\/p>\r\n<p data-start=\"1693\" data-end=\"1985\">Desde <strong data-start=\"1699\" data-end=\"1719\">vestidos leves<\/strong> a <strong data-start=\"1726\" data-end=\"1747\">conjuntos frescos<\/strong>, a cole\u00e7\u00e3o Cierzo combina texturas suaves e designs vers\u00e1teis que permitem \u00e0s crian\u00e7as desfrutar do ar livre sem perder a eleg\u00e2ncia. Perfeita para qualquer ocasi\u00e3o, desde um passeio em fam\u00edlia a um evento especial.<\/p>\r\n<p data-start=\"1336\" data-end=\"1691\" data-wp-editing=\"1\"><!-- \/wp:paragraph --><\/p>\r\n<!-- wp:heading {\"level\":3} -->\r\n<h3 data-start=\"1693\" data-end=\"1985\"><a href=\"https:\/\/vistiendobebes.com\/pt-pt\/portfolio\/colecao-grecale\/\" target=\"_blank\" rel=\"noopener\">Cole\u00e7\u00e3o Grecale<\/a>: inspira\u00e7\u00e3o mediterr\u00e2nica na sua forma mais pura<\/h3>\r\n<p data-start=\"1336\" data-end=\"1691\" data-wp-editing=\"1\"><!-- \/wp:heading --><\/p>\r\n<!-- wp:paragraph -->\r\n<p data-start=\"2056\" data-end=\"2332\"><img loading=\"lazy\" decoding=\"async\" class=\"size-full wp-image-77739 aligncenter\" title=\"Cole\u00e7\u00e3o infantil Grecale\" src=\"https:\/\/vistiendobebes.com\/wp-content\/uploads\/2025\/01\/2-5.jpg\" alt=\"Cole\u00e7\u00e3o infantil Grecale\" width=\"1000\" height=\"1000\" srcset=\"https:\/\/vistiendobebes.com\/wp-content\/uploads\/2025\/01\/2-5.jpg 1000w, https:\/\/vistiendobebes.com\/wp-content\/uploads\/2025\/01\/2-5-300x300.jpg 300w, https:\/\/vistiendobebes.com\/wp-content\/uploads\/2025\/01\/2-5-150x150.jpg 150w, https:\/\/vistiendobebes.com\/wp-content\/uploads\/2025\/01\/2-5-768x768.jpg 768w\" sizes=\"auto, (max-width: 1000px) 100vw, 1000px\" \/>A <strong data-start=\"2073\" data-end=\"2094\">cole\u00e7\u00e3o Grecale<\/strong> capta a ess\u00eancia do Mediterr\u00e2neo. Pe\u00e7as confeccionadas em tons de p\u00f3 e tecidos naturais, onde os detalhes fazem a diferen\u00e7a: <strong data-start=\"2237\" data-end=\"2278\">rendas, la\u00e7os e bordados delicados<\/strong> que trazem um ar rom\u00e2ntico e fresco a cada desenho.<\/p>\r\n<p data-start=\"2334\" data-end=\"2695\">A cole\u00e7\u00e3o Grecale \u00e9 ideal para beb\u00e9s e meninas at\u00e9 aos 6 anos de idade. Com <strong data-start=\"2404\" data-end=\"2453\">fatos para cerim\u00f3nias, eventos familiares<\/strong> ou para estar impec\u00e1vel no dia a dia, esta linha destaca-se pela sua eleg\u00e2ncia simples e intemporal. Sem esquecer o conforto, Juliana cuidou de todos os pormenores para que os mais pequenos possam desfrutar da liberdade de movimentos sem renunciar ao estilo.<\/p>\r\n<ul class=\"wp-block-list\"><!-- \/wp:paragraph --><\/ul>\r\n<p data-start=\"1336\" data-end=\"1691\" data-wp-editing=\"1\"><!-- \/wp:list --><\/p>\r\n<!-- wp:heading {\"level\":3} -->\r\n<p class=\"wp-block-heading\"><strong>Uma proposta que cuida de todos os pormenores<\/strong><\/p>\r\n<p data-start=\"1336\" data-end=\"1691\" data-wp-editing=\"1\"><!-- \/wp:heading --><\/p>\r\n<p><!-- wp:paragraph -->Juliana criou estas colec\u00e7\u00f5es com o m\u00e1ximo cuidado nos acabamentos, nos tecidos e nos trabalhos manuais. Se procuras <strong>roupa de beb\u00e9 elegante<\/strong> para um evento, uma cerim\u00f3nia ou se simplesmente gostas de vestir o teu pequeno com estilo, Cierzo e Grecale s\u00e3o a tua melhor escolha.<\/p>\r\n<p data-start=\"1336\" data-end=\"1691\" data-wp-editing=\"1\"><!-- \/wp:paragraph --><\/p>\r\n<p><!-- wp:paragraph -->Podes encontrar estas colec\u00e7\u00f5es nas lojas Juliana e em pontos de venda selecionados &#8211; corre e descobre-as antes que esgotem!<\/p>\r\n<p data-start=\"1336\" data-end=\"1691\" data-wp-editing=\"1\"><!-- \/wp:paragraph --><\/p>\r\n<!-- wp:separator --><!-- \/wp:heading -->\r\n<p>&nbsp;<\/p>\r\n<!-- wp:paragraph -->\r\n<h3>Onde comprar as elegantes roupas de beb\u00e9 da Juliana?<\/h3>\r\n<p>Tanto a cole\u00e7\u00e3o Cierzo como a Grecale mant\u00eam a filosofia da marca: oferecer roupa de crian\u00e7a fabricada em Espanha, onde o cuidado e a aten\u00e7\u00e3o aos detalhes s\u00e3o os protagonistas.<\/p>\r\n<p>As <strong>colec\u00e7\u00f5es Cierzo e Grecale<\/strong> j\u00e1 est\u00e3o dispon\u00edveis nas lojas multimarca de moda infantil e nos distribuidores oficiais Juliana. Encontra o ponto de venda mais pr\u00f3ximo de ti no nosso site ou consulta o nosso mapa de lojas.<\/p>\r\n<p data-start=\"1336\" data-end=\"1691\" data-wp-editing=\"1\"><!-- \/wp:paragraph --><\/p>\r\n<!-- wp:paragraph --><!-- \/wp:paragraph -->\r\n<p>[\/vc_column_text][\/vc_column][\/vc_row]<\/p><\/div>","protected":false},"excerpt":{"rendered":"<p>[vc_row][vc_column][vc_column_text css=&#8221;&#8221; woodmart_inline=&#8221;no&#8221; text_larger=&#8221;no&#8221;] Na marca de moda infantil Juliana apresentamos as \u00faltimas colec\u00e7\u00f5es, Cierzo e Grecale, roupas de beb\u00e9<\/p>\n","protected":false},"author":2,"featured_media":78989,"comment_status":"closed","ping_status":"open","sticky":false,"template":"","format":"standard","meta":{"footnotes":""},"categories":[411],"tags":[],"class_list":["post-78978","post","type-post","status-publish","format-standard","has-post-thumbnail","hentry","category-moda-infantil-pt-pt"],"yoast_head":"<!-- This site is optimized with the Yoast SEO plugin v27.4 - https:\/\/yoast.com\/product\/yoast-seo-wordpress\/ -->\n<title>Cierzo e Grecale Roupas de beb\u00e9 com estilo - Juliana Vistiendo Beb\u00e9s<\/title>\n<meta name=\"description\" content=\"Roupa de beb\u00e9 com estilo da Juliana com as colec\u00e7\u00f5es Cierzo e Grecale inspiradas no ar da primavera.\" \/>\n<meta name=\"robots\" content=\"index, follow, max-snippet:-1, max-image-preview:large, max-video-preview:-1\" \/>\n<link rel=\"canonical\" href=\"https:\/\/vistiendobebes.com\/pt-pt\/cierzo-e-grecale-roupas-de-bebe-com-estilo\/\" \/>\n<meta property=\"og:locale\" content=\"pt_PT\" \/>\n<meta property=\"og:type\" content=\"article\" \/>\n<meta property=\"og:title\" content=\"Cierzo e Grecale Roupas de beb\u00e9 com estilo - Juliana Vistiendo Beb\u00e9s\" \/>\n<meta property=\"og:description\" content=\"Roupa de beb\u00e9 com estilo da Juliana com as colec\u00e7\u00f5es Cierzo e Grecale inspiradas no ar da primavera.\" \/>\n<meta property=\"og:url\" content=\"https:\/\/vistiendobebes.com\/pt-pt\/cierzo-e-grecale-roupas-de-bebe-com-estilo\/\" \/>\n<meta property=\"og:site_name\" content=\"Juliana Vistiendo Beb\u00e9s\" \/>\n<meta property=\"article:publisher\" content=\"https:\/\/www.facebook.com\/julianavistiendobebes\" \/>\n<meta property=\"article:published_time\" content=\"2025-03-17T09:59:58+00:00\" \/>\n<meta property=\"article:modified_time\" content=\"2025-03-17T10:28:07+00:00\" \/>\n<meta property=\"og:image\" content=\"https:\/\/vistiendobebes.com\/wp-content\/uploads\/2025\/03\/Roupas-de-bebe-com-estilo.png\" \/>\n\t<meta property=\"og:image:width\" content=\"1120\" \/>\n\t<meta property=\"og:image:height\" content=\"550\" \/>\n\t<meta property=\"og:image:type\" content=\"image\/png\" \/>\n<meta name=\"author\" content=\"Joaquin\" \/>\n<meta name=\"twitter:card\" content=\"summary_large_image\" \/>\n<meta name=\"twitter:label1\" content=\"Escrito por\" \/>\n\t<meta name=\"twitter:data1\" content=\"Joaquin\" \/>\n\t<meta name=\"twitter:label2\" content=\"Tempo estimado de leitura\" \/>\n\t<meta name=\"twitter:data2\" content=\"3 minutos\" \/>\n<script type=\"application\/ld+json\" class=\"yoast-schema-graph\">{\"@context\":\"https:\\\/\\\/schema.org\",\"@graph\":[{\"@type\":\"Article\",\"@id\":\"https:\\\/\\\/vistiendobebes.com\\\/pt-pt\\\/cierzo-e-grecale-roupas-de-bebe-com-estilo\\\/#article\",\"isPartOf\":{\"@id\":\"https:\\\/\\\/vistiendobebes.com\\\/pt-pt\\\/cierzo-e-grecale-roupas-de-bebe-com-estilo\\\/\"},\"author\":{\"name\":\"Joaquin\",\"@id\":\"https:\\\/\\\/vistiendobebes.com\\\/pt-pt\\\/#\\\/schema\\\/person\\\/76b9ff2be80bf0f4f9b7d41be6884e5c\"},\"headline\":\"Cierzo e Grecale Roupas de beb\u00e9 com estilo\",\"datePublished\":\"2025-03-17T09:59:58+00:00\",\"dateModified\":\"2025-03-17T10:28:07+00:00\",\"mainEntityOfPage\":{\"@id\":\"https:\\\/\\\/vistiendobebes.com\\\/pt-pt\\\/cierzo-e-grecale-roupas-de-bebe-com-estilo\\\/\"},\"wordCount\":580,\"publisher\":{\"@id\":\"https:\\\/\\\/vistiendobebes.com\\\/pt-pt\\\/#organization\"},\"image\":{\"@id\":\"https:\\\/\\\/vistiendobebes.com\\\/pt-pt\\\/cierzo-e-grecale-roupas-de-bebe-com-estilo\\\/#primaryimage\"},\"thumbnailUrl\":\"https:\\\/\\\/vistiendobebes.com\\\/wp-content\\\/uploads\\\/2025\\\/03\\\/Roupas-de-bebe-com-estilo.png\",\"articleSection\":[\"Moda infantil\"],\"inLanguage\":\"pt-PT\"},{\"@type\":\"WebPage\",\"@id\":\"https:\\\/\\\/vistiendobebes.com\\\/pt-pt\\\/cierzo-e-grecale-roupas-de-bebe-com-estilo\\\/\",\"url\":\"https:\\\/\\\/vistiendobebes.com\\\/pt-pt\\\/cierzo-e-grecale-roupas-de-bebe-com-estilo\\\/\",\"name\":\"Cierzo e Grecale Roupas de beb\u00e9 com estilo - Juliana Vistiendo Beb\u00e9s\",\"isPartOf\":{\"@id\":\"https:\\\/\\\/vistiendobebes.com\\\/pt-pt\\\/#website\"},\"primaryImageOfPage\":{\"@id\":\"https:\\\/\\\/vistiendobebes.com\\\/pt-pt\\\/cierzo-e-grecale-roupas-de-bebe-com-estilo\\\/#primaryimage\"},\"image\":{\"@id\":\"https:\\\/\\\/vistiendobebes.com\\\/pt-pt\\\/cierzo-e-grecale-roupas-de-bebe-com-estilo\\\/#primaryimage\"},\"thumbnailUrl\":\"https:\\\/\\\/vistiendobebes.com\\\/wp-content\\\/uploads\\\/2025\\\/03\\\/Roupas-de-bebe-com-estilo.png\",\"datePublished\":\"2025-03-17T09:59:58+00:00\",\"dateModified\":\"2025-03-17T10:28:07+00:00\",\"description\":\"Roupa de beb\u00e9 com estilo da Juliana com as colec\u00e7\u00f5es Cierzo e Grecale inspiradas no ar da primavera.\",\"breadcrumb\":{\"@id\":\"https:\\\/\\\/vistiendobebes.com\\\/pt-pt\\\/cierzo-e-grecale-roupas-de-bebe-com-estilo\\\/#breadcrumb\"},\"inLanguage\":\"pt-PT\",\"potentialAction\":[{\"@type\":\"ReadAction\",\"target\":[\"https:\\\/\\\/vistiendobebes.com\\\/pt-pt\\\/cierzo-e-grecale-roupas-de-bebe-com-estilo\\\/\"]}]},{\"@type\":\"ImageObject\",\"inLanguage\":\"pt-PT\",\"@id\":\"https:\\\/\\\/vistiendobebes.com\\\/pt-pt\\\/cierzo-e-grecale-roupas-de-bebe-com-estilo\\\/#primaryimage\",\"url\":\"https:\\\/\\\/vistiendobebes.com\\\/wp-content\\\/uploads\\\/2025\\\/03\\\/Roupas-de-bebe-com-estilo.png\",\"contentUrl\":\"https:\\\/\\\/vistiendobebes.com\\\/wp-content\\\/uploads\\\/2025\\\/03\\\/Roupas-de-bebe-com-estilo.png\",\"width\":1120,\"height\":550,\"caption\":\"Roupas de beb\u00e9 com estilo\"},{\"@type\":\"BreadcrumbList\",\"@id\":\"https:\\\/\\\/vistiendobebes.com\\\/pt-pt\\\/cierzo-e-grecale-roupas-de-bebe-com-estilo\\\/#breadcrumb\",\"itemListElement\":[{\"@type\":\"ListItem\",\"position\":1,\"name\":\"Portada\",\"item\":\"https:\\\/\\\/vistiendobebes.com\\\/pt-pt\\\/\"},{\"@type\":\"ListItem\",\"position\":2,\"name\":\"Cierzo e Grecale Roupas de beb\u00e9 com estilo\"}]},{\"@type\":\"WebSite\",\"@id\":\"https:\\\/\\\/vistiendobebes.com\\\/pt-pt\\\/#website\",\"url\":\"https:\\\/\\\/vistiendobebes.com\\\/pt-pt\\\/\",\"name\":\"Juliana Vistiendo Beb\u00e9s\",\"description\":\"Marca de moda infantil\",\"publisher\":{\"@id\":\"https:\\\/\\\/vistiendobebes.com\\\/pt-pt\\\/#organization\"},\"potentialAction\":[{\"@type\":\"SearchAction\",\"target\":{\"@type\":\"EntryPoint\",\"urlTemplate\":\"https:\\\/\\\/vistiendobebes.com\\\/pt-pt\\\/?s={search_term_string}\"},\"query-input\":{\"@type\":\"PropertyValueSpecification\",\"valueRequired\":true,\"valueName\":\"search_term_string\"}}],\"inLanguage\":\"pt-PT\"},{\"@type\":\"Organization\",\"@id\":\"https:\\\/\\\/vistiendobebes.com\\\/pt-pt\\\/#organization\",\"name\":\"Juliana, Vistiendo Beb\u00e9s\",\"url\":\"https:\\\/\\\/vistiendobebes.com\\\/pt-pt\\\/\",\"logo\":{\"@type\":\"ImageObject\",\"inLanguage\":\"pt-PT\",\"@id\":\"https:\\\/\\\/vistiendobebes.com\\\/pt-pt\\\/#\\\/schema\\\/logo\\\/image\\\/\",\"url\":\"https:\\\/\\\/vistiendobebes.com\\\/wp-content\\\/uploads\\\/2021\\\/07\\\/marca-juliana.png\",\"contentUrl\":\"https:\\\/\\\/vistiendobebes.com\\\/wp-content\\\/uploads\\\/2021\\\/07\\\/marca-juliana.png\",\"width\":909,\"height\":907,\"caption\":\"Juliana, Vistiendo Beb\u00e9s\"},\"image\":{\"@id\":\"https:\\\/\\\/vistiendobebes.com\\\/pt-pt\\\/#\\\/schema\\\/logo\\\/image\\\/\"},\"sameAs\":[\"https:\\\/\\\/www.facebook.com\\\/julianavistiendobebes\",\"https:\\\/\\\/www.instagram.com\\\/julianavistiendobebes\\\/\",\"https:\\\/\\\/www.youtube.com\\\/channel\\\/UCHaSPwnyKbcQ1Ppzf2roteA\"]},{\"@type\":\"Person\",\"@id\":\"https:\\\/\\\/vistiendobebes.com\\\/pt-pt\\\/#\\\/schema\\\/person\\\/76b9ff2be80bf0f4f9b7d41be6884e5c\",\"name\":\"Joaquin\",\"image\":{\"@type\":\"ImageObject\",\"inLanguage\":\"pt-PT\",\"@id\":\"https:\\\/\\\/secure.gravatar.com\\\/avatar\\\/8e28c816cd54ef531c1ecd2be4389ad63c838376f221db13621a179ef5cf57a0?s=96&d=mm&r=g\",\"url\":\"https:\\\/\\\/secure.gravatar.com\\\/avatar\\\/8e28c816cd54ef531c1ecd2be4389ad63c838376f221db13621a179ef5cf57a0?s=96&d=mm&r=g\",\"contentUrl\":\"https:\\\/\\\/secure.gravatar.com\\\/avatar\\\/8e28c816cd54ef531c1ecd2be4389ad63c838376f221db13621a179ef5cf57a0?s=96&d=mm&r=g\",\"caption\":\"Joaquin\"}}]}<\/script>\n<!-- \/ Yoast SEO plugin. -->","yoast_head_json":{"title":"Cierzo e Grecale Roupas de beb\u00e9 com estilo - Juliana Vistiendo Beb\u00e9s","description":"Roupa de beb\u00e9 com estilo da Juliana com as colec\u00e7\u00f5es Cierzo e Grecale inspiradas no ar da primavera.","robots":{"index":"index","follow":"follow","max-snippet":"max-snippet:-1","max-image-preview":"max-image-preview:large","max-video-preview":"max-video-preview:-1"},"canonical":"https:\/\/vistiendobebes.com\/pt-pt\/cierzo-e-grecale-roupas-de-bebe-com-estilo\/","og_locale":"pt_PT","og_type":"article","og_title":"Cierzo e Grecale Roupas de beb\u00e9 com estilo - Juliana Vistiendo Beb\u00e9s","og_description":"Roupa de beb\u00e9 com estilo da Juliana com as colec\u00e7\u00f5es Cierzo e Grecale inspiradas no ar da primavera.","og_url":"https:\/\/vistiendobebes.com\/pt-pt\/cierzo-e-grecale-roupas-de-bebe-com-estilo\/","og_site_name":"Juliana Vistiendo Beb\u00e9s","article_publisher":"https:\/\/www.facebook.com\/julianavistiendobebes","article_published_time":"2025-03-17T09:59:58+00:00","article_modified_time":"2025-03-17T10:28:07+00:00","og_image":[{"width":1120,"height":550,"url":"https:\/\/vistiendobebes.com\/wp-content\/uploads\/2025\/03\/Roupas-de-bebe-com-estilo.png","type":"image\/png"}],"author":"Joaquin","twitter_card":"summary_large_image","twitter_misc":{"Escrito por":"Joaquin","Tempo estimado de leitura":"3 minutos"},"schema":{"@context":"https:\/\/schema.org","@graph":[{"@type":"Article","@id":"https:\/\/vistiendobebes.com\/pt-pt\/cierzo-e-grecale-roupas-de-bebe-com-estilo\/#article","isPartOf":{"@id":"https:\/\/vistiendobebes.com\/pt-pt\/cierzo-e-grecale-roupas-de-bebe-com-estilo\/"},"author":{"name":"Joaquin","@id":"https:\/\/vistiendobebes.com\/pt-pt\/#\/schema\/person\/76b9ff2be80bf0f4f9b7d41be6884e5c"},"headline":"Cierzo e Grecale Roupas de beb\u00e9 com estilo","datePublished":"2025-03-17T09:59:58+00:00","dateModified":"2025-03-17T10:28:07+00:00","mainEntityOfPage":{"@id":"https:\/\/vistiendobebes.com\/pt-pt\/cierzo-e-grecale-roupas-de-bebe-com-estilo\/"},"wordCount":580,"publisher":{"@id":"https:\/\/vistiendobebes.com\/pt-pt\/#organization"},"image":{"@id":"https:\/\/vistiendobebes.com\/pt-pt\/cierzo-e-grecale-roupas-de-bebe-com-estilo\/#primaryimage"},"thumbnailUrl":"https:\/\/vistiendobebes.com\/wp-content\/uploads\/2025\/03\/Roupas-de-bebe-com-estilo.png","articleSection":["Moda infantil"],"inLanguage":"pt-PT"},{"@type":"WebPage","@id":"https:\/\/vistiendobebes.com\/pt-pt\/cierzo-e-grecale-roupas-de-bebe-com-estilo\/","url":"https:\/\/vistiendobebes.com\/pt-pt\/cierzo-e-grecale-roupas-de-bebe-com-estilo\/","name":"Cierzo e Grecale Roupas de beb\u00e9 com estilo - Juliana Vistiendo Beb\u00e9s","isPartOf":{"@id":"https:\/\/vistiendobebes.com\/pt-pt\/#website"},"primaryImageOfPage":{"@id":"https:\/\/vistiendobebes.com\/pt-pt\/cierzo-e-grecale-roupas-de-bebe-com-estilo\/#primaryimage"},"image":{"@id":"https:\/\/vistiendobebes.com\/pt-pt\/cierzo-e-grecale-roupas-de-bebe-com-estilo\/#primaryimage"},"thumbnailUrl":"https:\/\/vistiendobebes.com\/wp-content\/uploads\/2025\/03\/Roupas-de-bebe-com-estilo.png","datePublished":"2025-03-17T09:59:58+00:00","dateModified":"2025-03-17T10:28:07+00:00","description":"Roupa de beb\u00e9 com estilo da Juliana com as colec\u00e7\u00f5es Cierzo e Grecale inspiradas no ar da primavera.","breadcrumb":{"@id":"https:\/\/vistiendobebes.com\/pt-pt\/cierzo-e-grecale-roupas-de-bebe-com-estilo\/#breadcrumb"},"inLanguage":"pt-PT","potentialAction":[{"@type":"ReadAction","target":["https:\/\/vistiendobebes.com\/pt-pt\/cierzo-e-grecale-roupas-de-bebe-com-estilo\/"]}]},{"@type":"ImageObject","inLanguage":"pt-PT","@id":"https:\/\/vistiendobebes.com\/pt-pt\/cierzo-e-grecale-roupas-de-bebe-com-estilo\/#primaryimage","url":"https:\/\/vistiendobebes.com\/wp-content\/uploads\/2025\/03\/Roupas-de-bebe-com-estilo.png","contentUrl":"https:\/\/vistiendobebes.com\/wp-content\/uploads\/2025\/03\/Roupas-de-bebe-com-estilo.png","width":1120,"height":550,"caption":"Roupas de beb\u00e9 com estilo"},{"@type":"BreadcrumbList","@id":"https:\/\/vistiendobebes.com\/pt-pt\/cierzo-e-grecale-roupas-de-bebe-com-estilo\/#breadcrumb","itemListElement":[{"@type":"ListItem","position":1,"name":"Portada","item":"https:\/\/vistiendobebes.com\/pt-pt\/"},{"@type":"ListItem","position":2,"name":"Cierzo e Grecale Roupas de beb\u00e9 com estilo"}]},{"@type":"WebSite","@id":"https:\/\/vistiendobebes.com\/pt-pt\/#website","url":"https:\/\/vistiendobebes.com\/pt-pt\/","name":"Juliana Vistiendo Beb\u00e9s","description":"Marca de moda infantil","publisher":{"@id":"https:\/\/vistiendobebes.com\/pt-pt\/#organization"},"potentialAction":[{"@type":"SearchAction","target":{"@type":"EntryPoint","urlTemplate":"https:\/\/vistiendobebes.com\/pt-pt\/?s={search_term_string}"},"query-input":{"@type":"PropertyValueSpecification","valueRequired":true,"valueName":"search_term_string"}}],"inLanguage":"pt-PT"},{"@type":"Organization","@id":"https:\/\/vistiendobebes.com\/pt-pt\/#organization","name":"Juliana, Vistiendo Beb\u00e9s","url":"https:\/\/vistiendobebes.com\/pt-pt\/","logo":{"@type":"ImageObject","inLanguage":"pt-PT","@id":"https:\/\/vistiendobebes.com\/pt-pt\/#\/schema\/logo\/image\/","url":"https:\/\/vistiendobebes.com\/wp-content\/uploads\/2021\/07\/marca-juliana.png","contentUrl":"https:\/\/vistiendobebes.com\/wp-content\/uploads\/2021\/07\/marca-juliana.png","width":909,"height":907,"caption":"Juliana, Vistiendo Beb\u00e9s"},"image":{"@id":"https:\/\/vistiendobebes.com\/pt-pt\/#\/schema\/logo\/image\/"},"sameAs":["https:\/\/www.facebook.com\/julianavistiendobebes","https:\/\/www.instagram.com\/julianavistiendobebes\/","https:\/\/www.youtube.com\/channel\/UCHaSPwnyKbcQ1Ppzf2roteA"]},{"@type":"Person","@id":"https:\/\/vistiendobebes.com\/pt-pt\/#\/schema\/person\/76b9ff2be80bf0f4f9b7d41be6884e5c","name":"Joaquin","image":{"@type":"ImageObject","inLanguage":"pt-PT","@id":"https:\/\/secure.gravatar.com\/avatar\/8e28c816cd54ef531c1ecd2be4389ad63c838376f221db13621a179ef5cf57a0?s=96&d=mm&r=g","url":"https:\/\/secure.gravatar.com\/avatar\/8e28c816cd54ef531c1ecd2be4389ad63c838376f221db13621a179ef5cf57a0?s=96&d=mm&r=g","contentUrl":"https:\/\/secure.gravatar.com\/avatar\/8e28c816cd54ef531c1ecd2be4389ad63c838376f221db13621a179ef5cf57a0?s=96&d=mm&r=g","caption":"Joaquin"}}]}},"_links":{"self":[{"href":"https:\/\/vistiendobebes.com\/pt-pt\/wp-json\/wp\/v2\/posts\/78978","targetHints":{"allow":["GET"]}}],"collection":[{"href":"https:\/\/vistiendobebes.com\/pt-pt\/wp-json\/wp\/v2\/posts"}],"about":[{"href":"https:\/\/vistiendobebes.com\/pt-pt\/wp-json\/wp\/v2\/types\/post"}],"author":[{"embeddable":true,"href":"https:\/\/vistiendobebes.com\/pt-pt\/wp-json\/wp\/v2\/users\/2"}],"replies":[{"embeddable":true,"href":"https:\/\/vistiendobebes.com\/pt-pt\/wp-json\/wp\/v2\/comments?post=78978"}],"version-history":[{"count":0,"href":"https:\/\/vistiendobebes.com\/pt-pt\/wp-json\/wp\/v2\/posts\/78978\/revisions"}],"wp:featuredmedia":[{"embeddable":true,"href":"https:\/\/vistiendobebes.com\/pt-pt\/wp-json\/wp\/v2\/media\/78989"}],"wp:attachment":[{"href":"https:\/\/vistiendobebes.com\/pt-pt\/wp-json\/wp\/v2\/media?parent=78978"}],"wp:term":[{"taxonomy":"category","embeddable":true,"href":"https:\/\/vistiendobebes.com\/pt-pt\/wp-json\/wp\/v2\/categories?post=78978"},{"taxonomy":"post_tag","embeddable":true,"href":"https:\/\/vistiendobebes.com\/pt-pt\/wp-json\/wp\/v2\/tags?post=78978"}],"curies":[{"name":"wp","href":"https:\/\/api.w.org\/{rel}","templated":true}]}}