{"id":66089,"date":"2024-07-01T16:00:00","date_gmt":"2024-07-01T14:00:00","guid":{"rendered":"https:\/\/vistiendobebes.com\/moda-infantil-de-verao-descobre-a-colecao-pinets\/"},"modified":"2024-09-18T14:01:05","modified_gmt":"2024-09-18T12:01:05","slug":"moda-infantil-de-verao-descobre-a-colecao-pinets","status":"publish","type":"post","link":"https:\/\/vistiendobebes.com\/pt-pt\/moda-infantil-de-verao-descobre-a-colecao-pinets\/","title":{"rendered":"Moda infantil de ver\u00e3o: descobre a cole\u00e7\u00e3o Pinets"},"content":{"rendered":"<p>A moda infantil de ver\u00e3o traz-nos colec\u00e7\u00f5es como a Pinets, que evoca a luz e a cor do Mediterr\u00e2neo, captando a sua ess\u00eancia em pe\u00e7as perfeitas para o ver\u00e3o.  <!--more-->Pinets prop\u00f5e para os mais pequenos uma paleta dominada pelo amarelo e por tecidos de malha suaves, esta cole\u00e7\u00e3o foi concebida para trazer conforto e estilo aos dias mais solarengos.<\/p>\n<h2><strong>Desenhos \u00fanicos e confort\u00e1veis para a <\/strong>moda infantil de ver\u00e3o<\/h2>\n<p>Cada pe\u00e7a da cole\u00e7\u00e3o Pinets foi cuidadosamente criada para garantir n\u00e3o s\u00f3 a beleza, mas tamb\u00e9m o conforto. O beb\u00e9 poder\u00e1 desfrutar do ver\u00e3o em total liberdade gra\u00e7as aos materiais leves e respir\u00e1veis, ideais para o tempo quente.<\/p>\n<h3>Cole\u00e7\u00e3o Pinets: Detalhes do vestu\u00e1rio<\/h3>\n<p>A cole\u00e7\u00e3o Pinets de Juliana distingue-se pela sua variedade e pela utiliza\u00e7\u00e3o da cor amarela, que evoca a luminosidade do sol mediterr\u00e2nico:<\/p>\n<ul>\n<li><strong>Conjunto de cuecas (Refer\u00eancias 24068 e 24071)<\/strong>: Estes conjuntos est\u00e3o dispon\u00edveis em tons neutros e amarelos vibrantes, oferecendo frescura e estilo com o m\u00e1ximo conforto para os mais pequenos.<\/li>\n<li><strong>Conjunto de fato de treino e gorro (refer\u00eancias 24033 e 24035)<\/strong>: Perfeitos para proteger os beb\u00e9s do sol, estes conjuntos combinam funcionalidade e moda com um toque suave e alegre.<\/li>\n<li><strong>Casacos e mantas (Refer\u00eancias 24210, 24023 e 24004)<\/strong>: Os casacos e cobertores amarelos brilhantes, dispon\u00edveis em tons neutros e amarelos, s\u00e3o ideais para as noites frescas de ver\u00e3o, proporcionando calor e conforto.<\/li>\n<\/ul>\n\n\t\t\t<style>\n\t\t\t\t#gallery-1 {\n\t\t\t\t\tmargin: auto;\n\t\t\t\t}\n\t\t\t\t#gallery-1 .gallery-item {\n\t\t\t\t\tfloat: left;\n\t\t\t\t\tmargin-top: 10px;\n\t\t\t\t\ttext-align: center;\n\t\t\t\t\twidth: 33%;\n\t\t\t\t}\n\t\t\t\t#gallery-1 img {\n\t\t\t\t\tmax-width:100%;\n\t\t\t\t}\n\t\t\t\t#gallery-1 .gallery-caption {\n\t\t\t\t\tmargin-left: 0;\n\t\t\t\t}\n\t\t\t<\/style>\n\t\t<div id='gallery-1' class='gallery galleryid-66089 wd-justified-gallery gallery-columns-3 gallery-size-full'>\n\t\t\t\t\t<a title=\"conjunto de beb\u00e9 menina cole\u00e7\u00e3o pinets\"  href='https:\/\/vistiendobebes.com\/wp-content\/uploads\/2024\/02\/conjunto-nina-bebe-coleccion-pinets.jpg'><img loading=\"lazy\" decoding=\"async\" width=\"1000\" height=\"1000\" src=\"https:\/\/vistiendobebes.com\/wp-content\/uploads\/2024\/02\/conjunto-nina-bebe-coleccion-pinets.jpg\" class=\"attachment-full size-full\" alt=\"conjunto de beb\u00e9 menina cole\u00e7\u00e3o pinets\" aria-describedby=\"gallery-1-55034\" srcset=\"https:\/\/vistiendobebes.com\/wp-content\/uploads\/2024\/02\/conjunto-nina-bebe-coleccion-pinets.jpg 1000w, https:\/\/vistiendobebes.com\/wp-content\/uploads\/2024\/02\/conjunto-nina-bebe-coleccion-pinets-300x300.jpg 300w, https:\/\/vistiendobebes.com\/wp-content\/uploads\/2024\/02\/conjunto-nina-bebe-coleccion-pinets-150x150.jpg 150w, https:\/\/vistiendobebes.com\/wp-content\/uploads\/2024\/02\/conjunto-nina-bebe-coleccion-pinets-768x768.jpg 768w\" sizes=\"auto, (max-width: 1000px) 100vw, 1000px\" \/><\/a>\n\t\t\t\t\t<a title=\"conjunto de beb\u00e9 da cole\u00e7\u00e3o pinets\"  href='https:\/\/vistiendobebes.com\/wp-content\/uploads\/2024\/02\/coleccion-pinets-conjunto-de-bebe.jpg'><img loading=\"lazy\" decoding=\"async\" width=\"1000\" height=\"1000\" src=\"https:\/\/vistiendobebes.com\/wp-content\/uploads\/2024\/02\/coleccion-pinets-conjunto-de-bebe.jpg\" class=\"attachment-full size-full\" alt=\"conjunto de beb\u00e9 da cole\u00e7\u00e3o pinets\" aria-describedby=\"gallery-1-55030\" srcset=\"https:\/\/vistiendobebes.com\/wp-content\/uploads\/2024\/02\/coleccion-pinets-conjunto-de-bebe.jpg 1000w, https:\/\/vistiendobebes.com\/wp-content\/uploads\/2024\/02\/coleccion-pinets-conjunto-de-bebe-300x300.jpg 300w, https:\/\/vistiendobebes.com\/wp-content\/uploads\/2024\/02\/coleccion-pinets-conjunto-de-bebe-150x150.jpg 150w, https:\/\/vistiendobebes.com\/wp-content\/uploads\/2024\/02\/coleccion-pinets-conjunto-de-bebe-768x768.jpg 768w\" sizes=\"auto, (max-width: 1000px) 100vw, 1000px\" \/><\/a>\n\t\t\t<\/div>\n\n<p>Cada pe\u00e7a da <a href=\"https:\/\/vistiendobebes.com\/portfolio\/coleccion-pinets\/\">cole\u00e7\u00e3o Pinets<\/a> foi concebida a pensar na felicidade e no conforto do beb\u00e9, utilizando tecidos suaves que respeitam a sua pele delicada, permitindo-lhe mover-se livremente e explorar o mundo que o rodeia.<\/p>\n<p><strong>Uma celebra\u00e7\u00e3o da cor  <\/strong><\/p>\n<p>O amarelo, a cor da alegria e da energia, \u00e9 o protagonista de Pinets, reflectindo a vivacidade e o calor do ver\u00e3o. Este tom \u00e9 perfeito para real\u00e7ar a alegria e a inoc\u00eancia dos mais pequenos, tornando cada momento do ver\u00e3o inesquec\u00edvel.<\/p>\n<p><strong>  Ilus\u00e3o em cada detalhe  <\/strong><\/p>\n<p>A cole\u00e7\u00e3o Pinets \u00e9 mais do que roupa, \u00e9 um convite para viver o ver\u00e3o com entusiasmo e alegria. Convidamos-te a descobrir esta mini cole\u00e7\u00e3o de moda infantil de ver\u00e3o e a deixares-te levar pela magia do Mediterr\u00e2neo em cada desenho.<\/p>\n","protected":false},"excerpt":{"rendered":"<p>A moda infantil de ver\u00e3o traz-nos colec\u00e7\u00f5es como a Pinets, que evoca a luz e a cor do Mediterr\u00e2neo, captando<\/p>\n","protected":false},"author":2,"featured_media":66093,"comment_status":"closed","ping_status":"open","sticky":false,"template":"","format":"standard","meta":{"footnotes":""},"categories":[411],"tags":[],"class_list":["post-66089","post","type-post","status-publish","format-standard","has-post-thumbnail","hentry","category-moda-infantil-pt-pt"],"yoast_head":"<!-- This site is optimized with the Yoast SEO plugin v27.5 - https:\/\/yoast.com\/product\/yoast-seo-wordpress\/ -->\n<title>Moda infantil de ver\u00e3o: descobre a cole\u00e7\u00e3o Pinets - Juliana Vistiendo Beb\u00e9s<\/title>\n<meta name=\"description\" content=\"Descobre a cole\u00e7\u00e3o Pinets, a nossa nova mini cole\u00e7\u00e3o de moda infantil de ver\u00e3o inspirada no Mediterr\u00e2neo.\" \/>\n<meta name=\"robots\" content=\"index, follow, max-snippet:-1, max-image-preview:large, max-video-preview:-1\" \/>\n<link rel=\"canonical\" href=\"https:\/\/vistiendobebes.com\/pt-pt\/moda-infantil-de-verao-descobre-a-colecao-pinets\/\" \/>\n<meta property=\"og:locale\" content=\"pt_PT\" \/>\n<meta property=\"og:type\" content=\"article\" \/>\n<meta property=\"og:title\" content=\"Moda infantil de ver\u00e3o: descobre a cole\u00e7\u00e3o Pinets - Juliana Vistiendo Beb\u00e9s\" \/>\n<meta property=\"og:description\" content=\"Descobre a cole\u00e7\u00e3o Pinets, a nossa nova mini cole\u00e7\u00e3o de moda infantil de ver\u00e3o inspirada no Mediterr\u00e2neo.\" \/>\n<meta property=\"og:url\" content=\"https:\/\/vistiendobebes.com\/pt-pt\/moda-infantil-de-verao-descobre-a-colecao-pinets\/\" \/>\n<meta property=\"og:site_name\" content=\"Juliana Vistiendo Beb\u00e9s\" \/>\n<meta property=\"article:publisher\" content=\"https:\/\/www.facebook.com\/julianavistiendobebes\" \/>\n<meta property=\"article:published_time\" content=\"2024-07-01T14:00:00+00:00\" \/>\n<meta property=\"article:modified_time\" content=\"2024-09-18T12:01:05+00:00\" \/>\n<meta property=\"og:image\" content=\"https:\/\/vistiendobebes.com\/wp-content\/uploads\/2024\/07\/moda-infantil-de-verao.png\" \/>\n\t<meta property=\"og:image:width\" content=\"1120\" \/>\n\t<meta property=\"og:image:height\" content=\"550\" \/>\n\t<meta property=\"og:image:type\" content=\"image\/png\" \/>\n<meta name=\"author\" content=\"Joaquin\" \/>\n<meta name=\"twitter:card\" content=\"summary_large_image\" \/>\n<meta name=\"twitter:label1\" content=\"Escrito por\" \/>\n\t<meta name=\"twitter:data1\" content=\"Joaquin\" \/>\n\t<meta name=\"twitter:label2\" content=\"Tempo estimado de leitura\" \/>\n\t<meta name=\"twitter:data2\" content=\"2 minutos\" \/>\n<script type=\"application\/ld+json\" class=\"yoast-schema-graph\">{\"@context\":\"https:\\\/\\\/schema.org\",\"@graph\":[{\"@type\":\"Article\",\"@id\":\"https:\\\/\\\/vistiendobebes.com\\\/pt-pt\\\/moda-infantil-de-verao-descobre-a-colecao-pinets\\\/#article\",\"isPartOf\":{\"@id\":\"https:\\\/\\\/vistiendobebes.com\\\/pt-pt\\\/moda-infantil-de-verao-descobre-a-colecao-pinets\\\/\"},\"author\":{\"name\":\"Joaquin\",\"@id\":\"https:\\\/\\\/vistiendobebes.com\\\/pt-pt\\\/#\\\/schema\\\/person\\\/76b9ff2be80bf0f4f9b7d41be6884e5c\"},\"headline\":\"Moda infantil de ver\u00e3o: descobre a cole\u00e7\u00e3o Pinets\",\"datePublished\":\"2024-07-01T14:00:00+00:00\",\"dateModified\":\"2024-09-18T12:01:05+00:00\",\"mainEntityOfPage\":{\"@id\":\"https:\\\/\\\/vistiendobebes.com\\\/pt-pt\\\/moda-infantil-de-verao-descobre-a-colecao-pinets\\\/\"},\"wordCount\":400,\"publisher\":{\"@id\":\"https:\\\/\\\/vistiendobebes.com\\\/pt-pt\\\/#organization\"},\"image\":{\"@id\":\"https:\\\/\\\/vistiendobebes.com\\\/pt-pt\\\/moda-infantil-de-verao-descobre-a-colecao-pinets\\\/#primaryimage\"},\"thumbnailUrl\":\"https:\\\/\\\/vistiendobebes.com\\\/wp-content\\\/uploads\\\/2024\\\/07\\\/moda-infantil-de-verao.png\",\"articleSection\":[\"Moda infantil\"],\"inLanguage\":\"pt-PT\"},{\"@type\":\"WebPage\",\"@id\":\"https:\\\/\\\/vistiendobebes.com\\\/pt-pt\\\/moda-infantil-de-verao-descobre-a-colecao-pinets\\\/\",\"url\":\"https:\\\/\\\/vistiendobebes.com\\\/pt-pt\\\/moda-infantil-de-verao-descobre-a-colecao-pinets\\\/\",\"name\":\"Moda infantil de ver\u00e3o: descobre a cole\u00e7\u00e3o Pinets - Juliana Vistiendo Beb\u00e9s\",\"isPartOf\":{\"@id\":\"https:\\\/\\\/vistiendobebes.com\\\/pt-pt\\\/#website\"},\"primaryImageOfPage\":{\"@id\":\"https:\\\/\\\/vistiendobebes.com\\\/pt-pt\\\/moda-infantil-de-verao-descobre-a-colecao-pinets\\\/#primaryimage\"},\"image\":{\"@id\":\"https:\\\/\\\/vistiendobebes.com\\\/pt-pt\\\/moda-infantil-de-verao-descobre-a-colecao-pinets\\\/#primaryimage\"},\"thumbnailUrl\":\"https:\\\/\\\/vistiendobebes.com\\\/wp-content\\\/uploads\\\/2024\\\/07\\\/moda-infantil-de-verao.png\",\"datePublished\":\"2024-07-01T14:00:00+00:00\",\"dateModified\":\"2024-09-18T12:01:05+00:00\",\"description\":\"Descobre a cole\u00e7\u00e3o Pinets, a nossa nova mini cole\u00e7\u00e3o de moda infantil de ver\u00e3o inspirada no Mediterr\u00e2neo.\",\"breadcrumb\":{\"@id\":\"https:\\\/\\\/vistiendobebes.com\\\/pt-pt\\\/moda-infantil-de-verao-descobre-a-colecao-pinets\\\/#breadcrumb\"},\"inLanguage\":\"pt-PT\",\"potentialAction\":[{\"@type\":\"ReadAction\",\"target\":[\"https:\\\/\\\/vistiendobebes.com\\\/pt-pt\\\/moda-infantil-de-verao-descobre-a-colecao-pinets\\\/\"]}]},{\"@type\":\"ImageObject\",\"inLanguage\":\"pt-PT\",\"@id\":\"https:\\\/\\\/vistiendobebes.com\\\/pt-pt\\\/moda-infantil-de-verao-descobre-a-colecao-pinets\\\/#primaryimage\",\"url\":\"https:\\\/\\\/vistiendobebes.com\\\/wp-content\\\/uploads\\\/2024\\\/07\\\/moda-infantil-de-verao.png\",\"contentUrl\":\"https:\\\/\\\/vistiendobebes.com\\\/wp-content\\\/uploads\\\/2024\\\/07\\\/moda-infantil-de-verao.png\",\"width\":1120,\"height\":550,\"caption\":\"moda infantil de ver\u00e3o\"},{\"@type\":\"BreadcrumbList\",\"@id\":\"https:\\\/\\\/vistiendobebes.com\\\/pt-pt\\\/moda-infantil-de-verao-descobre-a-colecao-pinets\\\/#breadcrumb\",\"itemListElement\":[{\"@type\":\"ListItem\",\"position\":1,\"name\":\"Portada\",\"item\":\"https:\\\/\\\/vistiendobebes.com\\\/pt-pt\\\/\"},{\"@type\":\"ListItem\",\"position\":2,\"name\":\"Moda infantil de ver\u00e3o: descobre a cole\u00e7\u00e3o Pinets\"}]},{\"@type\":\"WebSite\",\"@id\":\"https:\\\/\\\/vistiendobebes.com\\\/pt-pt\\\/#website\",\"url\":\"https:\\\/\\\/vistiendobebes.com\\\/pt-pt\\\/\",\"name\":\"Juliana Vistiendo Beb\u00e9s\",\"description\":\"Marca de moda infantil\",\"publisher\":{\"@id\":\"https:\\\/\\\/vistiendobebes.com\\\/pt-pt\\\/#organization\"},\"potentialAction\":[{\"@type\":\"SearchAction\",\"target\":{\"@type\":\"EntryPoint\",\"urlTemplate\":\"https:\\\/\\\/vistiendobebes.com\\\/pt-pt\\\/?s={search_term_string}\"},\"query-input\":{\"@type\":\"PropertyValueSpecification\",\"valueRequired\":true,\"valueName\":\"search_term_string\"}}],\"inLanguage\":\"pt-PT\"},{\"@type\":\"Organization\",\"@id\":\"https:\\\/\\\/vistiendobebes.com\\\/pt-pt\\\/#organization\",\"name\":\"Juliana, Vistiendo Beb\u00e9s\",\"url\":\"https:\\\/\\\/vistiendobebes.com\\\/pt-pt\\\/\",\"logo\":{\"@type\":\"ImageObject\",\"inLanguage\":\"pt-PT\",\"@id\":\"https:\\\/\\\/vistiendobebes.com\\\/pt-pt\\\/#\\\/schema\\\/logo\\\/image\\\/\",\"url\":\"https:\\\/\\\/vistiendobebes.com\\\/wp-content\\\/uploads\\\/2021\\\/07\\\/marca-juliana.png\",\"contentUrl\":\"https:\\\/\\\/vistiendobebes.com\\\/wp-content\\\/uploads\\\/2021\\\/07\\\/marca-juliana.png\",\"width\":909,\"height\":907,\"caption\":\"Juliana, Vistiendo Beb\u00e9s\"},\"image\":{\"@id\":\"https:\\\/\\\/vistiendobebes.com\\\/pt-pt\\\/#\\\/schema\\\/logo\\\/image\\\/\"},\"sameAs\":[\"https:\\\/\\\/www.facebook.com\\\/julianavistiendobebes\",\"https:\\\/\\\/www.instagram.com\\\/julianavistiendobebes\\\/\",\"https:\\\/\\\/www.youtube.com\\\/channel\\\/UCHaSPwnyKbcQ1Ppzf2roteA\"]},{\"@type\":\"Person\",\"@id\":\"https:\\\/\\\/vistiendobebes.com\\\/pt-pt\\\/#\\\/schema\\\/person\\\/76b9ff2be80bf0f4f9b7d41be6884e5c\",\"name\":\"Joaquin\",\"image\":{\"@type\":\"ImageObject\",\"inLanguage\":\"pt-PT\",\"@id\":\"https:\\\/\\\/secure.gravatar.com\\\/avatar\\\/8e28c816cd54ef531c1ecd2be4389ad63c838376f221db13621a179ef5cf57a0?s=96&d=mm&r=g\",\"url\":\"https:\\\/\\\/secure.gravatar.com\\\/avatar\\\/8e28c816cd54ef531c1ecd2be4389ad63c838376f221db13621a179ef5cf57a0?s=96&d=mm&r=g\",\"contentUrl\":\"https:\\\/\\\/secure.gravatar.com\\\/avatar\\\/8e28c816cd54ef531c1ecd2be4389ad63c838376f221db13621a179ef5cf57a0?s=96&d=mm&r=g\",\"caption\":\"Joaquin\"}}]}<\/script>\n<!-- \/ Yoast SEO plugin. -->","yoast_head_json":{"title":"Moda infantil de ver\u00e3o: descobre a cole\u00e7\u00e3o Pinets - Juliana Vistiendo Beb\u00e9s","description":"Descobre a cole\u00e7\u00e3o Pinets, a nossa nova mini cole\u00e7\u00e3o de moda infantil de ver\u00e3o inspirada no Mediterr\u00e2neo.","robots":{"index":"index","follow":"follow","max-snippet":"max-snippet:-1","max-image-preview":"max-image-preview:large","max-video-preview":"max-video-preview:-1"},"canonical":"https:\/\/vistiendobebes.com\/pt-pt\/moda-infantil-de-verao-descobre-a-colecao-pinets\/","og_locale":"pt_PT","og_type":"article","og_title":"Moda infantil de ver\u00e3o: descobre a cole\u00e7\u00e3o Pinets - Juliana Vistiendo Beb\u00e9s","og_description":"Descobre a cole\u00e7\u00e3o Pinets, a nossa nova mini cole\u00e7\u00e3o de moda infantil de ver\u00e3o inspirada no Mediterr\u00e2neo.","og_url":"https:\/\/vistiendobebes.com\/pt-pt\/moda-infantil-de-verao-descobre-a-colecao-pinets\/","og_site_name":"Juliana Vistiendo Beb\u00e9s","article_publisher":"https:\/\/www.facebook.com\/julianavistiendobebes","article_published_time":"2024-07-01T14:00:00+00:00","article_modified_time":"2024-09-18T12:01:05+00:00","og_image":[{"width":1120,"height":550,"url":"https:\/\/vistiendobebes.com\/wp-content\/uploads\/2024\/07\/moda-infantil-de-verao.png","type":"image\/png"}],"author":"Joaquin","twitter_card":"summary_large_image","twitter_misc":{"Escrito por":"Joaquin","Tempo estimado de leitura":"2 minutos"},"schema":{"@context":"https:\/\/schema.org","@graph":[{"@type":"Article","@id":"https:\/\/vistiendobebes.com\/pt-pt\/moda-infantil-de-verao-descobre-a-colecao-pinets\/#article","isPartOf":{"@id":"https:\/\/vistiendobebes.com\/pt-pt\/moda-infantil-de-verao-descobre-a-colecao-pinets\/"},"author":{"name":"Joaquin","@id":"https:\/\/vistiendobebes.com\/pt-pt\/#\/schema\/person\/76b9ff2be80bf0f4f9b7d41be6884e5c"},"headline":"Moda infantil de ver\u00e3o: descobre a cole\u00e7\u00e3o Pinets","datePublished":"2024-07-01T14:00:00+00:00","dateModified":"2024-09-18T12:01:05+00:00","mainEntityOfPage":{"@id":"https:\/\/vistiendobebes.com\/pt-pt\/moda-infantil-de-verao-descobre-a-colecao-pinets\/"},"wordCount":400,"publisher":{"@id":"https:\/\/vistiendobebes.com\/pt-pt\/#organization"},"image":{"@id":"https:\/\/vistiendobebes.com\/pt-pt\/moda-infantil-de-verao-descobre-a-colecao-pinets\/#primaryimage"},"thumbnailUrl":"https:\/\/vistiendobebes.com\/wp-content\/uploads\/2024\/07\/moda-infantil-de-verao.png","articleSection":["Moda infantil"],"inLanguage":"pt-PT"},{"@type":"WebPage","@id":"https:\/\/vistiendobebes.com\/pt-pt\/moda-infantil-de-verao-descobre-a-colecao-pinets\/","url":"https:\/\/vistiendobebes.com\/pt-pt\/moda-infantil-de-verao-descobre-a-colecao-pinets\/","name":"Moda infantil de ver\u00e3o: descobre a cole\u00e7\u00e3o Pinets - Juliana Vistiendo Beb\u00e9s","isPartOf":{"@id":"https:\/\/vistiendobebes.com\/pt-pt\/#website"},"primaryImageOfPage":{"@id":"https:\/\/vistiendobebes.com\/pt-pt\/moda-infantil-de-verao-descobre-a-colecao-pinets\/#primaryimage"},"image":{"@id":"https:\/\/vistiendobebes.com\/pt-pt\/moda-infantil-de-verao-descobre-a-colecao-pinets\/#primaryimage"},"thumbnailUrl":"https:\/\/vistiendobebes.com\/wp-content\/uploads\/2024\/07\/moda-infantil-de-verao.png","datePublished":"2024-07-01T14:00:00+00:00","dateModified":"2024-09-18T12:01:05+00:00","description":"Descobre a cole\u00e7\u00e3o Pinets, a nossa nova mini cole\u00e7\u00e3o de moda infantil de ver\u00e3o inspirada no Mediterr\u00e2neo.","breadcrumb":{"@id":"https:\/\/vistiendobebes.com\/pt-pt\/moda-infantil-de-verao-descobre-a-colecao-pinets\/#breadcrumb"},"inLanguage":"pt-PT","potentialAction":[{"@type":"ReadAction","target":["https:\/\/vistiendobebes.com\/pt-pt\/moda-infantil-de-verao-descobre-a-colecao-pinets\/"]}]},{"@type":"ImageObject","inLanguage":"pt-PT","@id":"https:\/\/vistiendobebes.com\/pt-pt\/moda-infantil-de-verao-descobre-a-colecao-pinets\/#primaryimage","url":"https:\/\/vistiendobebes.com\/wp-content\/uploads\/2024\/07\/moda-infantil-de-verao.png","contentUrl":"https:\/\/vistiendobebes.com\/wp-content\/uploads\/2024\/07\/moda-infantil-de-verao.png","width":1120,"height":550,"caption":"moda infantil de ver\u00e3o"},{"@type":"BreadcrumbList","@id":"https:\/\/vistiendobebes.com\/pt-pt\/moda-infantil-de-verao-descobre-a-colecao-pinets\/#breadcrumb","itemListElement":[{"@type":"ListItem","position":1,"name":"Portada","item":"https:\/\/vistiendobebes.com\/pt-pt\/"},{"@type":"ListItem","position":2,"name":"Moda infantil de ver\u00e3o: descobre a cole\u00e7\u00e3o Pinets"}]},{"@type":"WebSite","@id":"https:\/\/vistiendobebes.com\/pt-pt\/#website","url":"https:\/\/vistiendobebes.com\/pt-pt\/","name":"Juliana Vistiendo Beb\u00e9s","description":"Marca de moda infantil","publisher":{"@id":"https:\/\/vistiendobebes.com\/pt-pt\/#organization"},"potentialAction":[{"@type":"SearchAction","target":{"@type":"EntryPoint","urlTemplate":"https:\/\/vistiendobebes.com\/pt-pt\/?s={search_term_string}"},"query-input":{"@type":"PropertyValueSpecification","valueRequired":true,"valueName":"search_term_string"}}],"inLanguage":"pt-PT"},{"@type":"Organization","@id":"https:\/\/vistiendobebes.com\/pt-pt\/#organization","name":"Juliana, Vistiendo Beb\u00e9s","url":"https:\/\/vistiendobebes.com\/pt-pt\/","logo":{"@type":"ImageObject","inLanguage":"pt-PT","@id":"https:\/\/vistiendobebes.com\/pt-pt\/#\/schema\/logo\/image\/","url":"https:\/\/vistiendobebes.com\/wp-content\/uploads\/2021\/07\/marca-juliana.png","contentUrl":"https:\/\/vistiendobebes.com\/wp-content\/uploads\/2021\/07\/marca-juliana.png","width":909,"height":907,"caption":"Juliana, Vistiendo Beb\u00e9s"},"image":{"@id":"https:\/\/vistiendobebes.com\/pt-pt\/#\/schema\/logo\/image\/"},"sameAs":["https:\/\/www.facebook.com\/julianavistiendobebes","https:\/\/www.instagram.com\/julianavistiendobebes\/","https:\/\/www.youtube.com\/channel\/UCHaSPwnyKbcQ1Ppzf2roteA"]},{"@type":"Person","@id":"https:\/\/vistiendobebes.com\/pt-pt\/#\/schema\/person\/76b9ff2be80bf0f4f9b7d41be6884e5c","name":"Joaquin","image":{"@type":"ImageObject","inLanguage":"pt-PT","@id":"https:\/\/secure.gravatar.com\/avatar\/8e28c816cd54ef531c1ecd2be4389ad63c838376f221db13621a179ef5cf57a0?s=96&d=mm&r=g","url":"https:\/\/secure.gravatar.com\/avatar\/8e28c816cd54ef531c1ecd2be4389ad63c838376f221db13621a179ef5cf57a0?s=96&d=mm&r=g","contentUrl":"https:\/\/secure.gravatar.com\/avatar\/8e28c816cd54ef531c1ecd2be4389ad63c838376f221db13621a179ef5cf57a0?s=96&d=mm&r=g","caption":"Joaquin"}}]}},"_links":{"self":[{"href":"https:\/\/vistiendobebes.com\/pt-pt\/wp-json\/wp\/v2\/posts\/66089","targetHints":{"allow":["GET"]}}],"collection":[{"href":"https:\/\/vistiendobebes.com\/pt-pt\/wp-json\/wp\/v2\/posts"}],"about":[{"href":"https:\/\/vistiendobebes.com\/pt-pt\/wp-json\/wp\/v2\/types\/post"}],"author":[{"embeddable":true,"href":"https:\/\/vistiendobebes.com\/pt-pt\/wp-json\/wp\/v2\/users\/2"}],"replies":[{"embeddable":true,"href":"https:\/\/vistiendobebes.com\/pt-pt\/wp-json\/wp\/v2\/comments?post=66089"}],"version-history":[{"count":0,"href":"https:\/\/vistiendobebes.com\/pt-pt\/wp-json\/wp\/v2\/posts\/66089\/revisions"}],"wp:featuredmedia":[{"embeddable":true,"href":"https:\/\/vistiendobebes.com\/pt-pt\/wp-json\/wp\/v2\/media\/66093"}],"wp:attachment":[{"href":"https:\/\/vistiendobebes.com\/pt-pt\/wp-json\/wp\/v2\/media?parent=66089"}],"wp:term":[{"taxonomy":"category","embeddable":true,"href":"https:\/\/vistiendobebes.com\/pt-pt\/wp-json\/wp\/v2\/categories?post=66089"},{"taxonomy":"post_tag","embeddable":true,"href":"https:\/\/vistiendobebes.com\/pt-pt\/wp-json\/wp\/v2\/tags?post=66089"}],"curies":[{"name":"wp","href":"https:\/\/api.w.org\/{rel}","templated":true}]}}