{"id":37194,"date":"2023-09-28T11:16:50","date_gmt":"2023-09-28T09:16:50","guid":{"rendered":"https:\/\/vistiendobebes.com\/tendencias-otono-invierno-2023\/"},"modified":"2023-09-28T11:43:45","modified_gmt":"2023-09-28T09:43:45","slug":"tendencias-outono-inverno-2023","status":"publish","type":"post","link":"https:\/\/vistiendobebes.com\/pt-pt\/tendencias-outono-inverno-2023\/","title":{"rendered":"Tend\u00eancias outono-inverno 2023"},"content":{"rendered":"<p><strong>Juliana Vistiendo Beb\u00e9s<\/strong> \u00e9 uma das empresas de <strong>roupa infantil<\/strong> mais valorizadas em Espanha! O nosso <strong>cat\u00e1logo de moda infantil<\/strong> est\u00e1 repleto de tend\u00eancias outono-inverno 2023 com desenhos \u00fanicos, elegantes e coloridos, perfeitos para os mais pequenos da fam\u00edlia.<br \/>\n<!--more--><\/p>\n<p>Orgulhamo-nos de ser um dos principais <strong>fornecedores de vestu\u00e1rio infantil por atacado<\/strong> em Espanha, oferecendo qualidade e estilo em cada pe\u00e7a de vestu\u00e1rio.<\/p>\n<h2>A Cole\u00e7\u00e3o Weaving Dreams: Uma viagem pela imagina\u00e7\u00e3o das crian\u00e7as<\/h2>\n<p>A nossa \u00faltima cole\u00e7\u00e3o, Weaving Dreams , \u00e9 o reflexo da nossa paix\u00e3o pela moda infantil. Cri\u00e1mos cada pe\u00e7a com a ideia de que os nossos pequenos clientes se sintam confort\u00e1veis, elegantes e, acima de tudo, felizes e animados nesta nova esta\u00e7\u00e3o m\u00e1gica.<\/p>\n<p>Em Weaving Dreams, incorpor\u00e1mos as tend\u00eancias da moda infantil para o outono-inverno 2023, sem perder a ess\u00eancia de <strong>Juliana Vistiendo Beb\u00e9s<\/strong>.<\/p>\n<h3>Tend\u00eancias outono-inverno 2023 moda infantil<\/h3>\n<p>As tend\u00eancias da moda infantil para o outono-inverno de 2023 inclinam-se para cores vibrantes e estampados divertidos. Na Tejiendo Sue\u00f1os, incorpor\u00e1mos estas tend\u00eancias para criar pe\u00e7as \u00fanicas, n\u00e3o s\u00f3 atraentes, mas tamb\u00e9m confort\u00e1veis e duradouras, como as colec\u00e7\u00f5es <a href=\"https:\/\/vistiendobebes.com\/pt-pt\/portfolio\/colecao-mermelada-de-fresa\/\">Mermelada de Fresa<\/a> e <a href=\"https:\/\/vistiendobebes.com\/pt-pt\/portfolio\/colecao-el-bosque-encantado\/\">El Bosque Encantado<\/a>.<\/p>\n\n\t\t\t<style>\n\t\t\t\t#gallery-1 {\n\t\t\t\t\tmargin: auto;\n\t\t\t\t}\n\t\t\t\t#gallery-1 .gallery-item {\n\t\t\t\t\tfloat: left;\n\t\t\t\t\tmargin-top: 10px;\n\t\t\t\t\ttext-align: center;\n\t\t\t\t\twidth: 25%;\n\t\t\t\t}\n\t\t\t\t#gallery-1 img {\n\t\t\t\t\tmax-width:100%;\n\t\t\t\t}\n\t\t\t\t#gallery-1 .gallery-caption {\n\t\t\t\t\tmargin-left: 0;\n\t\t\t\t}\n\t\t\t<\/style>\n\t\t<div id='gallery-1' class='gallery galleryid-37194 wd-justified-gallery gallery-columns-4 gallery-size-medium'>\n\t\t\t\t\t<a title=\"juliana-w23-124\"  href='https:\/\/vistiendobebes.com\/wp-content\/uploads\/2023\/09\/juliana-w23-124.jpg'><img loading=\"lazy\" decoding=\"async\" width=\"300\" height=\"300\" src=\"https:\/\/vistiendobebes.com\/wp-content\/uploads\/2023\/09\/juliana-w23-124-300x300.jpg\" class=\"attachment-medium size-medium\" alt=\"Tend\u00eancias outono-inverno 2023\" aria-describedby=\"gallery-1-37147\" srcset=\"https:\/\/vistiendobebes.com\/wp-content\/uploads\/2023\/09\/juliana-w23-124-300x300.jpg 300w, https:\/\/vistiendobebes.com\/wp-content\/uploads\/2023\/09\/juliana-w23-124-150x150.jpg 150w, https:\/\/vistiendobebes.com\/wp-content\/uploads\/2023\/09\/juliana-w23-124-768x768.jpg 768w, https:\/\/vistiendobebes.com\/wp-content\/uploads\/2023\/09\/juliana-w23-124.jpg 845w\" sizes=\"auto, (max-width: 300px) 100vw, 300px\" \/><\/a>\n\t\t\t\t\t<a title=\"Jukiana FW23 nin\u0303os0053 1_v1\"  href='https:\/\/vistiendobebes.com\/wp-content\/uploads\/2023\/09\/Jukiana-FW23-ninos0053-1_v1.jpg'><img loading=\"lazy\" decoding=\"async\" width=\"300\" height=\"300\" src=\"https:\/\/vistiendobebes.com\/wp-content\/uploads\/2023\/09\/Jukiana-FW23-ninos0053-1_v1-300x300.jpg\" class=\"attachment-medium size-medium\" alt=\"\" aria-describedby=\"gallery-1-37139\" srcset=\"https:\/\/vistiendobebes.com\/wp-content\/uploads\/2023\/09\/Jukiana-FW23-ninos0053-1_v1-300x300.jpg 300w, https:\/\/vistiendobebes.com\/wp-content\/uploads\/2023\/09\/Jukiana-FW23-ninos0053-1_v1-150x150.jpg 150w, https:\/\/vistiendobebes.com\/wp-content\/uploads\/2023\/09\/Jukiana-FW23-ninos0053-1_v1-768x768.jpg 768w, https:\/\/vistiendobebes.com\/wp-content\/uploads\/2023\/09\/Jukiana-FW23-ninos0053-1_v1.jpg 1000w\" sizes=\"auto, (max-width: 300px) 100vw, 300px\" \/><\/a>\n\t\t\t\t\t<a title=\"juliana-w23-257\"  href='https:\/\/vistiendobebes.com\/wp-content\/uploads\/2023\/09\/juliana-w23-257.jpg'><img loading=\"lazy\" decoding=\"async\" width=\"300\" height=\"300\" src=\"https:\/\/vistiendobebes.com\/wp-content\/uploads\/2023\/09\/juliana-w23-257-300x300.jpg\" class=\"attachment-medium size-medium\" alt=\"Escolher a melhor prenda de Natal\" srcset=\"https:\/\/vistiendobebes.com\/wp-content\/uploads\/2023\/09\/juliana-w23-257-300x300.jpg 300w, https:\/\/vistiendobebes.com\/wp-content\/uploads\/2023\/09\/juliana-w23-257-150x150.jpg 150w, https:\/\/vistiendobebes.com\/wp-content\/uploads\/2023\/09\/juliana-w23-257-768x768.jpg 768w, https:\/\/vistiendobebes.com\/wp-content\/uploads\/2023\/09\/juliana-w23-257.jpg 845w\" sizes=\"auto, (max-width: 300px) 100vw, 300px\" \/><\/a>\n\t\t\t\t\t<a title=\"Jukiana FW23 nin\u0303os0391_v3\"  href='https:\/\/vistiendobebes.com\/wp-content\/uploads\/2023\/09\/Jukiana-FW23-ninos0391_v3.jpg'><img loading=\"lazy\" decoding=\"async\" width=\"300\" height=\"300\" src=\"https:\/\/vistiendobebes.com\/wp-content\/uploads\/2023\/09\/Jukiana-FW23-ninos0391_v3-300x300.jpg\" class=\"attachment-medium size-medium\" alt=\"\" aria-describedby=\"gallery-1-37163\" srcset=\"https:\/\/vistiendobebes.com\/wp-content\/uploads\/2023\/09\/Jukiana-FW23-ninos0391_v3-300x300.jpg 300w, https:\/\/vistiendobebes.com\/wp-content\/uploads\/2023\/09\/Jukiana-FW23-ninos0391_v3-150x150.jpg 150w, https:\/\/vistiendobebes.com\/wp-content\/uploads\/2023\/09\/Jukiana-FW23-ninos0391_v3-768x768.jpg 768w, https:\/\/vistiendobebes.com\/wp-content\/uploads\/2023\/09\/Jukiana-FW23-ninos0391_v3.jpg 1000w\" sizes=\"auto, (max-width: 300px) 100vw, 300px\" \/><\/a>\n\t\t\t<\/div>\n\n<p>As pe\u00e7as de vestu\u00e1rio desta cole\u00e7\u00e3o foram concebidas para manter as crian\u00e7as quentes e na moda durante os meses mais frios do ano.<\/p>\n<h4>Fabricantes grossistas de vestu\u00e1rio para crian\u00e7as: Compromisso com a qualidade<\/h4>\n<p>Como <strong>fabricante de roupa de crian\u00e7a por atacado<\/strong>, na Juliana Vistiendo Beb\u00e9s comprometemo-nos a oferecer produtos da mais alta qualidade. Cada pe\u00e7a de vestu\u00e1rio da nossa cole\u00e7\u00e3o Weaving Dreams foi cuidadosamente concebida e fabricada para garantir a sua durabilidade.<\/p>\n<p>Al\u00e9m disso, como <strong>fornecedor de roupa infantil<\/strong>, esfor\u00e7amo-nos por oferecer um servi\u00e7o excecional aos nossos clientes. O nosso cat\u00e1logo de moda infantil est\u00e1 sempre atualizado com as \u00faltimas tend\u00eancias e a nossa equipa est\u00e1 sempre pronta para ajudar os nossos clientes a encontrar as pe\u00e7as perfeitas para os seus pequenos.<\/p>\n<p>Para saber mais sobre a <strong>Juliana Vistiendo Beb\u00e9s<\/strong> e a nossa cole\u00e7\u00e3o Weaving Dreams com as tend\u00eancias outono-inverno 2023, convidamo-lo a explorar a nossa p\u00e1gina web e a entrar em contacto connosco, estamos aqui para o ajudar a vestir os seus pequenos com estilo e conforto!<\/p>\n<p>&nbsp;<\/p>\n","protected":false},"excerpt":{"rendered":"<p>Juliana Vistiendo Beb\u00e9s \u00e9 uma das empresas de roupa infantil mais valorizadas em Espanha! O nosso cat\u00e1logo de moda infantil<\/p>\n","protected":false},"author":2,"featured_media":37195,"comment_status":"closed","ping_status":"open","sticky":false,"template":"","format":"standard","meta":{"footnotes":""},"categories":[411],"tags":[],"class_list":["post-37194","post","type-post","status-publish","format-standard","has-post-thumbnail","hentry","category-moda-infantil-pt-pt"],"yoast_head":"<!-- This site is optimized with the Yoast SEO plugin v27.4 - https:\/\/yoast.com\/product\/yoast-seo-wordpress\/ -->\n<title>Tend\u00eancias outono-inverno 2023 - Juliana Vistiendo Beb\u00e9s<\/title>\n<meta name=\"description\" content=\"Na nossa nova cole\u00e7\u00e3o Weaving Dreams, apresentamos-lhe as \u00faltimas tend\u00eancias outono-inverno 2023 \/ 2024, combinando estilo e conforto.\" \/>\n<meta name=\"robots\" content=\"index, follow, max-snippet:-1, max-image-preview:large, max-video-preview:-1\" \/>\n<link rel=\"canonical\" href=\"https:\/\/vistiendobebes.com\/pt-pt\/tendencias-outono-inverno-2023\/\" \/>\n<meta property=\"og:locale\" content=\"pt_PT\" \/>\n<meta property=\"og:type\" content=\"article\" \/>\n<meta property=\"og:title\" content=\"Tend\u00eancias outono-inverno 2023 - Juliana Vistiendo Beb\u00e9s\" \/>\n<meta property=\"og:description\" content=\"Na nossa nova cole\u00e7\u00e3o Weaving Dreams, apresentamos-lhe as \u00faltimas tend\u00eancias outono-inverno 2023 \/ 2024, combinando estilo e conforto.\" \/>\n<meta property=\"og:url\" content=\"https:\/\/vistiendobebes.com\/pt-pt\/tendencias-outono-inverno-2023\/\" \/>\n<meta property=\"og:site_name\" content=\"Juliana Vistiendo Beb\u00e9s\" \/>\n<meta property=\"article:publisher\" content=\"https:\/\/www.facebook.com\/julianavistiendobebes\" \/>\n<meta property=\"article:published_time\" content=\"2023-09-28T09:16:50+00:00\" \/>\n<meta property=\"article:modified_time\" content=\"2023-09-28T09:43:45+00:00\" \/>\n<meta property=\"og:image\" content=\"https:\/\/vistiendobebes.com\/wp-content\/uploads\/2023\/09\/Moda-espanola-para-bebes-12.png\" \/>\n\t<meta property=\"og:image:width\" content=\"1120\" \/>\n\t<meta property=\"og:image:height\" content=\"550\" \/>\n\t<meta property=\"og:image:type\" content=\"image\/png\" \/>\n<meta name=\"author\" content=\"Joaquin\" \/>\n<meta name=\"twitter:card\" content=\"summary_large_image\" \/>\n<meta name=\"twitter:label1\" content=\"Escrito por\" \/>\n\t<meta name=\"twitter:data1\" content=\"Joaquin\" \/>\n\t<meta name=\"twitter:label2\" content=\"Tempo estimado de leitura\" \/>\n\t<meta name=\"twitter:data2\" content=\"2 minutos\" \/>\n<script type=\"application\/ld+json\" class=\"yoast-schema-graph\">{\"@context\":\"https:\\\/\\\/schema.org\",\"@graph\":[{\"@type\":\"Article\",\"@id\":\"https:\\\/\\\/vistiendobebes.com\\\/pt-pt\\\/tendencias-outono-inverno-2023\\\/#article\",\"isPartOf\":{\"@id\":\"https:\\\/\\\/vistiendobebes.com\\\/pt-pt\\\/tendencias-outono-inverno-2023\\\/\"},\"author\":{\"name\":\"Joaquin\",\"@id\":\"https:\\\/\\\/vistiendobebes.com\\\/pt-pt\\\/#\\\/schema\\\/person\\\/76b9ff2be80bf0f4f9b7d41be6884e5c\"},\"headline\":\"Tend\u00eancias outono-inverno 2023\",\"datePublished\":\"2023-09-28T09:16:50+00:00\",\"dateModified\":\"2023-09-28T09:43:45+00:00\",\"mainEntityOfPage\":{\"@id\":\"https:\\\/\\\/vistiendobebes.com\\\/pt-pt\\\/tendencias-outono-inverno-2023\\\/\"},\"wordCount\":407,\"publisher\":{\"@id\":\"https:\\\/\\\/vistiendobebes.com\\\/pt-pt\\\/#organization\"},\"image\":{\"@id\":\"https:\\\/\\\/vistiendobebes.com\\\/pt-pt\\\/tendencias-outono-inverno-2023\\\/#primaryimage\"},\"thumbnailUrl\":\"https:\\\/\\\/vistiendobebes.com\\\/wp-content\\\/uploads\\\/2023\\\/09\\\/Moda-espanola-para-bebes-12.png\",\"articleSection\":[\"Moda infantil\"],\"inLanguage\":\"pt-PT\"},{\"@type\":\"WebPage\",\"@id\":\"https:\\\/\\\/vistiendobebes.com\\\/pt-pt\\\/tendencias-outono-inverno-2023\\\/\",\"url\":\"https:\\\/\\\/vistiendobebes.com\\\/pt-pt\\\/tendencias-outono-inverno-2023\\\/\",\"name\":\"Tend\u00eancias outono-inverno 2023 - Juliana Vistiendo Beb\u00e9s\",\"isPartOf\":{\"@id\":\"https:\\\/\\\/vistiendobebes.com\\\/pt-pt\\\/#website\"},\"primaryImageOfPage\":{\"@id\":\"https:\\\/\\\/vistiendobebes.com\\\/pt-pt\\\/tendencias-outono-inverno-2023\\\/#primaryimage\"},\"image\":{\"@id\":\"https:\\\/\\\/vistiendobebes.com\\\/pt-pt\\\/tendencias-outono-inverno-2023\\\/#primaryimage\"},\"thumbnailUrl\":\"https:\\\/\\\/vistiendobebes.com\\\/wp-content\\\/uploads\\\/2023\\\/09\\\/Moda-espanola-para-bebes-12.png\",\"datePublished\":\"2023-09-28T09:16:50+00:00\",\"dateModified\":\"2023-09-28T09:43:45+00:00\",\"description\":\"Na nossa nova cole\u00e7\u00e3o Weaving Dreams, apresentamos-lhe as \u00faltimas tend\u00eancias outono-inverno 2023 \\\/ 2024, combinando estilo e conforto.\",\"breadcrumb\":{\"@id\":\"https:\\\/\\\/vistiendobebes.com\\\/pt-pt\\\/tendencias-outono-inverno-2023\\\/#breadcrumb\"},\"inLanguage\":\"pt-PT\",\"potentialAction\":[{\"@type\":\"ReadAction\",\"target\":[\"https:\\\/\\\/vistiendobebes.com\\\/pt-pt\\\/tendencias-outono-inverno-2023\\\/\"]}]},{\"@type\":\"ImageObject\",\"inLanguage\":\"pt-PT\",\"@id\":\"https:\\\/\\\/vistiendobebes.com\\\/pt-pt\\\/tendencias-outono-inverno-2023\\\/#primaryimage\",\"url\":\"https:\\\/\\\/vistiendobebes.com\\\/wp-content\\\/uploads\\\/2023\\\/09\\\/Moda-espanola-para-bebes-12.png\",\"contentUrl\":\"https:\\\/\\\/vistiendobebes.com\\\/wp-content\\\/uploads\\\/2023\\\/09\\\/Moda-espanola-para-bebes-12.png\",\"width\":1120,\"height\":550,\"caption\":\"Tend\u00eancias outono-inverno 2023\"},{\"@type\":\"BreadcrumbList\",\"@id\":\"https:\\\/\\\/vistiendobebes.com\\\/pt-pt\\\/tendencias-outono-inverno-2023\\\/#breadcrumb\",\"itemListElement\":[{\"@type\":\"ListItem\",\"position\":1,\"name\":\"Portada\",\"item\":\"https:\\\/\\\/vistiendobebes.com\\\/pt-pt\\\/\"},{\"@type\":\"ListItem\",\"position\":2,\"name\":\"Tend\u00eancias outono-inverno 2023\"}]},{\"@type\":\"WebSite\",\"@id\":\"https:\\\/\\\/vistiendobebes.com\\\/pt-pt\\\/#website\",\"url\":\"https:\\\/\\\/vistiendobebes.com\\\/pt-pt\\\/\",\"name\":\"Juliana Vistiendo Beb\u00e9s\",\"description\":\"Marca de moda infantil\",\"publisher\":{\"@id\":\"https:\\\/\\\/vistiendobebes.com\\\/pt-pt\\\/#organization\"},\"potentialAction\":[{\"@type\":\"SearchAction\",\"target\":{\"@type\":\"EntryPoint\",\"urlTemplate\":\"https:\\\/\\\/vistiendobebes.com\\\/pt-pt\\\/?s={search_term_string}\"},\"query-input\":{\"@type\":\"PropertyValueSpecification\",\"valueRequired\":true,\"valueName\":\"search_term_string\"}}],\"inLanguage\":\"pt-PT\"},{\"@type\":\"Organization\",\"@id\":\"https:\\\/\\\/vistiendobebes.com\\\/pt-pt\\\/#organization\",\"name\":\"Juliana, Vistiendo Beb\u00e9s\",\"url\":\"https:\\\/\\\/vistiendobebes.com\\\/pt-pt\\\/\",\"logo\":{\"@type\":\"ImageObject\",\"inLanguage\":\"pt-PT\",\"@id\":\"https:\\\/\\\/vistiendobebes.com\\\/pt-pt\\\/#\\\/schema\\\/logo\\\/image\\\/\",\"url\":\"https:\\\/\\\/vistiendobebes.com\\\/wp-content\\\/uploads\\\/2021\\\/07\\\/marca-juliana.png\",\"contentUrl\":\"https:\\\/\\\/vistiendobebes.com\\\/wp-content\\\/uploads\\\/2021\\\/07\\\/marca-juliana.png\",\"width\":909,\"height\":907,\"caption\":\"Juliana, Vistiendo Beb\u00e9s\"},\"image\":{\"@id\":\"https:\\\/\\\/vistiendobebes.com\\\/pt-pt\\\/#\\\/schema\\\/logo\\\/image\\\/\"},\"sameAs\":[\"https:\\\/\\\/www.facebook.com\\\/julianavistiendobebes\",\"https:\\\/\\\/www.instagram.com\\\/julianavistiendobebes\\\/\",\"https:\\\/\\\/www.youtube.com\\\/channel\\\/UCHaSPwnyKbcQ1Ppzf2roteA\"]},{\"@type\":\"Person\",\"@id\":\"https:\\\/\\\/vistiendobebes.com\\\/pt-pt\\\/#\\\/schema\\\/person\\\/76b9ff2be80bf0f4f9b7d41be6884e5c\",\"name\":\"Joaquin\",\"image\":{\"@type\":\"ImageObject\",\"inLanguage\":\"pt-PT\",\"@id\":\"https:\\\/\\\/secure.gravatar.com\\\/avatar\\\/8e28c816cd54ef531c1ecd2be4389ad63c838376f221db13621a179ef5cf57a0?s=96&d=mm&r=g\",\"url\":\"https:\\\/\\\/secure.gravatar.com\\\/avatar\\\/8e28c816cd54ef531c1ecd2be4389ad63c838376f221db13621a179ef5cf57a0?s=96&d=mm&r=g\",\"contentUrl\":\"https:\\\/\\\/secure.gravatar.com\\\/avatar\\\/8e28c816cd54ef531c1ecd2be4389ad63c838376f221db13621a179ef5cf57a0?s=96&d=mm&r=g\",\"caption\":\"Joaquin\"}}]}<\/script>\n<!-- \/ Yoast SEO plugin. -->","yoast_head_json":{"title":"Tend\u00eancias outono-inverno 2023 - Juliana Vistiendo Beb\u00e9s","description":"Na nossa nova cole\u00e7\u00e3o Weaving Dreams, apresentamos-lhe as \u00faltimas tend\u00eancias outono-inverno 2023 \/ 2024, combinando estilo e conforto.","robots":{"index":"index","follow":"follow","max-snippet":"max-snippet:-1","max-image-preview":"max-image-preview:large","max-video-preview":"max-video-preview:-1"},"canonical":"https:\/\/vistiendobebes.com\/pt-pt\/tendencias-outono-inverno-2023\/","og_locale":"pt_PT","og_type":"article","og_title":"Tend\u00eancias outono-inverno 2023 - Juliana Vistiendo Beb\u00e9s","og_description":"Na nossa nova cole\u00e7\u00e3o Weaving Dreams, apresentamos-lhe as \u00faltimas tend\u00eancias outono-inverno 2023 \/ 2024, combinando estilo e conforto.","og_url":"https:\/\/vistiendobebes.com\/pt-pt\/tendencias-outono-inverno-2023\/","og_site_name":"Juliana Vistiendo Beb\u00e9s","article_publisher":"https:\/\/www.facebook.com\/julianavistiendobebes","article_published_time":"2023-09-28T09:16:50+00:00","article_modified_time":"2023-09-28T09:43:45+00:00","og_image":[{"width":1120,"height":550,"url":"https:\/\/vistiendobebes.com\/wp-content\/uploads\/2023\/09\/Moda-espanola-para-bebes-12.png","type":"image\/png"}],"author":"Joaquin","twitter_card":"summary_large_image","twitter_misc":{"Escrito por":"Joaquin","Tempo estimado de leitura":"2 minutos"},"schema":{"@context":"https:\/\/schema.org","@graph":[{"@type":"Article","@id":"https:\/\/vistiendobebes.com\/pt-pt\/tendencias-outono-inverno-2023\/#article","isPartOf":{"@id":"https:\/\/vistiendobebes.com\/pt-pt\/tendencias-outono-inverno-2023\/"},"author":{"name":"Joaquin","@id":"https:\/\/vistiendobebes.com\/pt-pt\/#\/schema\/person\/76b9ff2be80bf0f4f9b7d41be6884e5c"},"headline":"Tend\u00eancias outono-inverno 2023","datePublished":"2023-09-28T09:16:50+00:00","dateModified":"2023-09-28T09:43:45+00:00","mainEntityOfPage":{"@id":"https:\/\/vistiendobebes.com\/pt-pt\/tendencias-outono-inverno-2023\/"},"wordCount":407,"publisher":{"@id":"https:\/\/vistiendobebes.com\/pt-pt\/#organization"},"image":{"@id":"https:\/\/vistiendobebes.com\/pt-pt\/tendencias-outono-inverno-2023\/#primaryimage"},"thumbnailUrl":"https:\/\/vistiendobebes.com\/wp-content\/uploads\/2023\/09\/Moda-espanola-para-bebes-12.png","articleSection":["Moda infantil"],"inLanguage":"pt-PT"},{"@type":"WebPage","@id":"https:\/\/vistiendobebes.com\/pt-pt\/tendencias-outono-inverno-2023\/","url":"https:\/\/vistiendobebes.com\/pt-pt\/tendencias-outono-inverno-2023\/","name":"Tend\u00eancias outono-inverno 2023 - Juliana Vistiendo Beb\u00e9s","isPartOf":{"@id":"https:\/\/vistiendobebes.com\/pt-pt\/#website"},"primaryImageOfPage":{"@id":"https:\/\/vistiendobebes.com\/pt-pt\/tendencias-outono-inverno-2023\/#primaryimage"},"image":{"@id":"https:\/\/vistiendobebes.com\/pt-pt\/tendencias-outono-inverno-2023\/#primaryimage"},"thumbnailUrl":"https:\/\/vistiendobebes.com\/wp-content\/uploads\/2023\/09\/Moda-espanola-para-bebes-12.png","datePublished":"2023-09-28T09:16:50+00:00","dateModified":"2023-09-28T09:43:45+00:00","description":"Na nossa nova cole\u00e7\u00e3o Weaving Dreams, apresentamos-lhe as \u00faltimas tend\u00eancias outono-inverno 2023 \/ 2024, combinando estilo e conforto.","breadcrumb":{"@id":"https:\/\/vistiendobebes.com\/pt-pt\/tendencias-outono-inverno-2023\/#breadcrumb"},"inLanguage":"pt-PT","potentialAction":[{"@type":"ReadAction","target":["https:\/\/vistiendobebes.com\/pt-pt\/tendencias-outono-inverno-2023\/"]}]},{"@type":"ImageObject","inLanguage":"pt-PT","@id":"https:\/\/vistiendobebes.com\/pt-pt\/tendencias-outono-inverno-2023\/#primaryimage","url":"https:\/\/vistiendobebes.com\/wp-content\/uploads\/2023\/09\/Moda-espanola-para-bebes-12.png","contentUrl":"https:\/\/vistiendobebes.com\/wp-content\/uploads\/2023\/09\/Moda-espanola-para-bebes-12.png","width":1120,"height":550,"caption":"Tend\u00eancias outono-inverno 2023"},{"@type":"BreadcrumbList","@id":"https:\/\/vistiendobebes.com\/pt-pt\/tendencias-outono-inverno-2023\/#breadcrumb","itemListElement":[{"@type":"ListItem","position":1,"name":"Portada","item":"https:\/\/vistiendobebes.com\/pt-pt\/"},{"@type":"ListItem","position":2,"name":"Tend\u00eancias outono-inverno 2023"}]},{"@type":"WebSite","@id":"https:\/\/vistiendobebes.com\/pt-pt\/#website","url":"https:\/\/vistiendobebes.com\/pt-pt\/","name":"Juliana Vistiendo Beb\u00e9s","description":"Marca de moda infantil","publisher":{"@id":"https:\/\/vistiendobebes.com\/pt-pt\/#organization"},"potentialAction":[{"@type":"SearchAction","target":{"@type":"EntryPoint","urlTemplate":"https:\/\/vistiendobebes.com\/pt-pt\/?s={search_term_string}"},"query-input":{"@type":"PropertyValueSpecification","valueRequired":true,"valueName":"search_term_string"}}],"inLanguage":"pt-PT"},{"@type":"Organization","@id":"https:\/\/vistiendobebes.com\/pt-pt\/#organization","name":"Juliana, Vistiendo Beb\u00e9s","url":"https:\/\/vistiendobebes.com\/pt-pt\/","logo":{"@type":"ImageObject","inLanguage":"pt-PT","@id":"https:\/\/vistiendobebes.com\/pt-pt\/#\/schema\/logo\/image\/","url":"https:\/\/vistiendobebes.com\/wp-content\/uploads\/2021\/07\/marca-juliana.png","contentUrl":"https:\/\/vistiendobebes.com\/wp-content\/uploads\/2021\/07\/marca-juliana.png","width":909,"height":907,"caption":"Juliana, Vistiendo Beb\u00e9s"},"image":{"@id":"https:\/\/vistiendobebes.com\/pt-pt\/#\/schema\/logo\/image\/"},"sameAs":["https:\/\/www.facebook.com\/julianavistiendobebes","https:\/\/www.instagram.com\/julianavistiendobebes\/","https:\/\/www.youtube.com\/channel\/UCHaSPwnyKbcQ1Ppzf2roteA"]},{"@type":"Person","@id":"https:\/\/vistiendobebes.com\/pt-pt\/#\/schema\/person\/76b9ff2be80bf0f4f9b7d41be6884e5c","name":"Joaquin","image":{"@type":"ImageObject","inLanguage":"pt-PT","@id":"https:\/\/secure.gravatar.com\/avatar\/8e28c816cd54ef531c1ecd2be4389ad63c838376f221db13621a179ef5cf57a0?s=96&d=mm&r=g","url":"https:\/\/secure.gravatar.com\/avatar\/8e28c816cd54ef531c1ecd2be4389ad63c838376f221db13621a179ef5cf57a0?s=96&d=mm&r=g","contentUrl":"https:\/\/secure.gravatar.com\/avatar\/8e28c816cd54ef531c1ecd2be4389ad63c838376f221db13621a179ef5cf57a0?s=96&d=mm&r=g","caption":"Joaquin"}}]}},"_links":{"self":[{"href":"https:\/\/vistiendobebes.com\/pt-pt\/wp-json\/wp\/v2\/posts\/37194","targetHints":{"allow":["GET"]}}],"collection":[{"href":"https:\/\/vistiendobebes.com\/pt-pt\/wp-json\/wp\/v2\/posts"}],"about":[{"href":"https:\/\/vistiendobebes.com\/pt-pt\/wp-json\/wp\/v2\/types\/post"}],"author":[{"embeddable":true,"href":"https:\/\/vistiendobebes.com\/pt-pt\/wp-json\/wp\/v2\/users\/2"}],"replies":[{"embeddable":true,"href":"https:\/\/vistiendobebes.com\/pt-pt\/wp-json\/wp\/v2\/comments?post=37194"}],"version-history":[{"count":0,"href":"https:\/\/vistiendobebes.com\/pt-pt\/wp-json\/wp\/v2\/posts\/37194\/revisions"}],"wp:featuredmedia":[{"embeddable":true,"href":"https:\/\/vistiendobebes.com\/pt-pt\/wp-json\/wp\/v2\/media\/37195"}],"wp:attachment":[{"href":"https:\/\/vistiendobebes.com\/pt-pt\/wp-json\/wp\/v2\/media?parent=37194"}],"wp:term":[{"taxonomy":"category","embeddable":true,"href":"https:\/\/vistiendobebes.com\/pt-pt\/wp-json\/wp\/v2\/categories?post=37194"},{"taxonomy":"post_tag","embeddable":true,"href":"https:\/\/vistiendobebes.com\/pt-pt\/wp-json\/wp\/v2\/tags?post=37194"}],"curies":[{"name":"wp","href":"https:\/\/api.w.org\/{rel}","templated":true}]}}