{"id":35718,"date":"2023-07-28T09:42:02","date_gmt":"2023-07-28T07:42:02","guid":{"rendered":"https:\/\/vistiendobebes.com\/la-moda-infantil-mas-adorable\/"},"modified":"2023-07-28T10:13:36","modified_gmt":"2023-07-28T08:13:36","slug":"a-moda-infantil-mais-adoravel","status":"publish","type":"post","link":"https:\/\/vistiendobebes.com\/pt-pt\/a-moda-infantil-mais-adoravel\/","title":{"rendered":"A moda infantil mais ador\u00e1vel"},"content":{"rendered":"<p>Hoje, da parte da Juliana, queremos falar-vos da moda infantil mais ador\u00e1vel desta esta\u00e7\u00e3o para os mais pequenos, com especial destaque para os nossos beb\u00e9s. A nossa cole\u00e7\u00e3o de roupa para beb\u00e9 \u00e9 uma combina\u00e7\u00e3o perfeita de suavidade, estilo e conforto.<\/p>\n<h2>Moda infantil ador\u00e1vel: suavidade e estilo<\/h2>\n<p>Na Juliana, acreditamos que os nossos beb\u00e9s merecem o melhor. Por isso, as nossas colec\u00e7\u00f5es de roupa para beb\u00e9 e crian\u00e7a s\u00e3o concebidas com o maior amor e cuidado. Em particular, vamos falar-vos da <a href=\"https:\/\/vistiendobebes.com\/pt-pt\/portfolio\/colecao-saona\/\">Cole\u00e7\u00e3o Saona<\/a>, da <a href=\"https:\/\/vistiendobebes.com\/pt-pt\/portfolio\/colecao-carboeiro\/\">Cole\u00e7\u00e3o Carboeiro<\/a>, da <a href=\"https:\/\/vistiendobebes.com\/pt-pt\/portfolio\/colecao-migjorn\/\">Cole\u00e7\u00e3o Migjorn<\/a> e da <a href=\"https:\/\/vistiendobebes.com\/pt-pt\/portfolio\/colecao-caleta\/\">Cole\u00e7\u00e3o Caleta<\/a>.<\/p>\n<h3>Nuestros conjuntos de punto para Malhas<\/h3>\n<p>Os nossos fatos de malha para beb\u00e9s s\u00e3o todos sobre ternura. E falando da moda infantil mais ador\u00e1vel, n\u00e3o pod\u00edamos deixar de lado as nossas pe\u00e7as de vestu\u00e1rio por excel\u00eancia. Confeccionados com os materiais mais suaves e quentes, estes conjuntos s\u00e3o ideais para o cuidado e o conforto dos nossos pequeninos. Al\u00e9m disso, com uma grande variedade de estampados e texturas: cora\u00e7\u00f5es, folhos de renda, diamantes, golas brancas&#8230;<\/p>\n<p>&nbsp;<\/p>\n\n\t\t\t<style>\n\t\t\t\t#gallery-1 {\n\t\t\t\t\tmargin: auto;\n\t\t\t\t}\n\t\t\t\t#gallery-1 .gallery-item {\n\t\t\t\t\tfloat: left;\n\t\t\t\t\tmargin-top: 10px;\n\t\t\t\t\ttext-align: center;\n\t\t\t\t\twidth: 25%;\n\t\t\t\t}\n\t\t\t\t#gallery-1 img {\n\t\t\t\t\tmax-width:100%;\n\t\t\t\t}\n\t\t\t\t#gallery-1 .gallery-caption {\n\t\t\t\t\tmargin-left: 0;\n\t\t\t\t}\n\t\t\t<\/style>\n\t\t<div id='gallery-1' class='gallery galleryid-35718 wd-justified-gallery gallery-columns-4 gallery-size-medium'>\n\t\t\t\t\t<a title=\"JULIANA_224018_v1 copia\"  href='https:\/\/vistiendobebes.com\/wp-content\/uploads\/2023\/07\/JULIANA_224018_v1-copia.jpg'><img loading=\"lazy\" decoding=\"async\" width=\"300\" height=\"300\" src=\"https:\/\/vistiendobebes.com\/wp-content\/uploads\/2023\/07\/JULIANA_224018_v1-copia-300x300.jpg\" class=\"attachment-medium size-medium\" alt=\"A moda infantil mais ador\u00e1vel\" aria-describedby=\"gallery-1-35653\" srcset=\"https:\/\/vistiendobebes.com\/wp-content\/uploads\/2023\/07\/JULIANA_224018_v1-copia-300x300.jpg 300w, https:\/\/vistiendobebes.com\/wp-content\/uploads\/2023\/07\/JULIANA_224018_v1-copia-150x150.jpg 150w, https:\/\/vistiendobebes.com\/wp-content\/uploads\/2023\/07\/JULIANA_224018_v1-copia-768x768.jpg 768w, https:\/\/vistiendobebes.com\/wp-content\/uploads\/2023\/07\/JULIANA_224018_v1-copia.jpg 1000w\" sizes=\"auto, (max-width: 300px) 100vw, 300px\" \/><\/a>\n\t\t\t\t\t<a title=\"JULIANA_222882_v2 copia\"  href='https:\/\/vistiendobebes.com\/wp-content\/uploads\/2023\/07\/JULIANA_222882_v2-copia.jpg'><img loading=\"lazy\" decoding=\"async\" width=\"300\" height=\"300\" src=\"https:\/\/vistiendobebes.com\/wp-content\/uploads\/2023\/07\/JULIANA_222882_v2-copia-300x300.jpg\" class=\"attachment-medium size-medium\" alt=\"\" aria-describedby=\"gallery-1-35657\" srcset=\"https:\/\/vistiendobebes.com\/wp-content\/uploads\/2023\/07\/JULIANA_222882_v2-copia-300x300.jpg 300w, https:\/\/vistiendobebes.com\/wp-content\/uploads\/2023\/07\/JULIANA_222882_v2-copia-150x150.jpg 150w, https:\/\/vistiendobebes.com\/wp-content\/uploads\/2023\/07\/JULIANA_222882_v2-copia-768x768.jpg 768w, https:\/\/vistiendobebes.com\/wp-content\/uploads\/2023\/07\/JULIANA_222882_v2-copia.jpg 1000w\" sizes=\"auto, (max-width: 300px) 100vw, 300px\" \/><\/a>\n\t\t\t\t\t<a title=\"JULIANA_223406_v2 copiaF copia\"  href='https:\/\/vistiendobebes.com\/wp-content\/uploads\/2023\/07\/JULIANA_223406_v2-copiaF-copia.jpg'><img loading=\"lazy\" decoding=\"async\" width=\"300\" height=\"300\" src=\"https:\/\/vistiendobebes.com\/wp-content\/uploads\/2023\/07\/JULIANA_223406_v2-copiaF-copia-300x300.jpg\" class=\"attachment-medium size-medium\" alt=\"\" aria-describedby=\"gallery-1-35637\" srcset=\"https:\/\/vistiendobebes.com\/wp-content\/uploads\/2023\/07\/JULIANA_223406_v2-copiaF-copia-300x300.jpg 300w, https:\/\/vistiendobebes.com\/wp-content\/uploads\/2023\/07\/JULIANA_223406_v2-copiaF-copia-150x150.jpg 150w, https:\/\/vistiendobebes.com\/wp-content\/uploads\/2023\/07\/JULIANA_223406_v2-copiaF-copia-768x768.jpg 768w, https:\/\/vistiendobebes.com\/wp-content\/uploads\/2023\/07\/JULIANA_223406_v2-copiaF-copia.jpg 1000w\" sizes=\"auto, (max-width: 300px) 100vw, 300px\" \/><\/a>\n\t\t\t\t\t<a title=\"JULIANA_224138_v2F copia\"  href='https:\/\/vistiendobebes.com\/wp-content\/uploads\/2023\/07\/JULIANA_224138_v2F-copia.jpg'><img loading=\"lazy\" decoding=\"async\" width=\"300\" height=\"300\" src=\"https:\/\/vistiendobebes.com\/wp-content\/uploads\/2023\/07\/JULIANA_224138_v2F-copia-300x300.jpg\" class=\"attachment-medium size-medium\" alt=\"A moda infantil mais ador\u00e1vel\" aria-describedby=\"gallery-1-35693\" srcset=\"https:\/\/vistiendobebes.com\/wp-content\/uploads\/2023\/07\/JULIANA_224138_v2F-copia-300x300.jpg 300w, https:\/\/vistiendobebes.com\/wp-content\/uploads\/2023\/07\/JULIANA_224138_v2F-copia-150x150.jpg 150w, https:\/\/vistiendobebes.com\/wp-content\/uploads\/2023\/07\/JULIANA_224138_v2F-copia-768x768.jpg 768w, https:\/\/vistiendobebes.com\/wp-content\/uploads\/2023\/07\/JULIANA_224138_v2F-copia.jpg 1000w\" sizes=\"auto, (max-width: 300px) 100vw, 300px\" \/><\/a>\n\t\t\t<\/div>\n\n<h3>Cores suaves e encantadoras: a do\u00e7ura em cada pe\u00e7a de roupa<\/h3>\n<p>As cores suaves e encantadoras s\u00e3o uma carater\u00edstica distintiva da nossa moda infantil. Tons suaves como o bege, o branco, o azul celeste, o verde-\u00e1gua ou o cor-de-rosa doce, entre outros. As nossas roupas reflectem a do\u00e7ura e a inoc\u00eancia da inf\u00e2ncia.<\/p>\n<h2>Acess\u00f3rios para beb\u00e9s: os pormenores fazem a diferen\u00e7a<\/h2>\n<p>N\u00e3o podemos falar da moda infantil mais ador\u00e1vel sem mencionar os nossos acess\u00f3rios. Gorros, botinhas, um xaile para cada cole\u00e7\u00e3o&#8230;. Todos os pormenores d\u00e3o um toque extra de charme aos trajes dos mais pequenos.<\/p>\n\n\t\t\t<style>\n\t\t\t\t#gallery-2 {\n\t\t\t\t\tmargin: auto;\n\t\t\t\t}\n\t\t\t\t#gallery-2 .gallery-item {\n\t\t\t\t\tfloat: left;\n\t\t\t\t\tmargin-top: 10px;\n\t\t\t\t\ttext-align: center;\n\t\t\t\t\twidth: 25%;\n\t\t\t\t}\n\t\t\t\t#gallery-2 img {\n\t\t\t\t\tmax-width:100%;\n\t\t\t\t}\n\t\t\t\t#gallery-2 .gallery-caption {\n\t\t\t\t\tmargin-left: 0;\n\t\t\t\t}\n\t\t\t<\/style>\n\t\t<div id='gallery-2' class='gallery galleryid-35718 wd-justified-gallery gallery-columns-4 gallery-size-medium'>\n\t\t\t\t\t<a title=\"SAONA-JULIANA\"  href='https:\/\/vistiendobebes.com\/wp-content\/uploads\/2023\/07\/SAONA-JULIANA.jpg'><img loading=\"lazy\" decoding=\"async\" width=\"300\" height=\"300\" src=\"https:\/\/vistiendobebes.com\/wp-content\/uploads\/2023\/07\/SAONA-JULIANA-300x300.jpg\" class=\"attachment-medium size-medium\" alt=\"A moda infantil mais ador\u00e1vel\" srcset=\"https:\/\/vistiendobebes.com\/wp-content\/uploads\/2023\/07\/SAONA-JULIANA-300x300.jpg 300w, https:\/\/vistiendobebes.com\/wp-content\/uploads\/2023\/07\/SAONA-JULIANA-150x150.jpg 150w, https:\/\/vistiendobebes.com\/wp-content\/uploads\/2023\/07\/SAONA-JULIANA-768x768.jpg 768w, https:\/\/vistiendobebes.com\/wp-content\/uploads\/2023\/07\/SAONA-JULIANA.jpg 842w\" sizes=\"auto, (max-width: 300px) 100vw, 300px\" \/><\/a>\n\t\t\t\t\t<a title=\"CARBOEIRO-JULIANA\"  href='https:\/\/vistiendobebes.com\/wp-content\/uploads\/2023\/07\/CARBOEIRO-JULIANA.jpg'><img loading=\"lazy\" decoding=\"async\" width=\"300\" height=\"300\" src=\"https:\/\/vistiendobebes.com\/wp-content\/uploads\/2023\/07\/CARBOEIRO-JULIANA-300x300.jpg\" class=\"attachment-medium size-medium\" alt=\"\" srcset=\"https:\/\/vistiendobebes.com\/wp-content\/uploads\/2023\/07\/CARBOEIRO-JULIANA-300x300.jpg 300w, https:\/\/vistiendobebes.com\/wp-content\/uploads\/2023\/07\/CARBOEIRO-JULIANA-150x150.jpg 150w, https:\/\/vistiendobebes.com\/wp-content\/uploads\/2023\/07\/CARBOEIRO-JULIANA-768x768.jpg 768w, https:\/\/vistiendobebes.com\/wp-content\/uploads\/2023\/07\/CARBOEIRO-JULIANA.jpg 842w\" sizes=\"auto, (max-width: 300px) 100vw, 300px\" \/><\/a>\n\t\t\t\t\t<a title=\"MIGJORN-JULIANA\"  href='https:\/\/vistiendobebes.com\/wp-content\/uploads\/2023\/07\/MIGJORN-JULIANA.jpg'><img loading=\"lazy\" decoding=\"async\" width=\"300\" height=\"300\" src=\"https:\/\/vistiendobebes.com\/wp-content\/uploads\/2023\/07\/MIGJORN-JULIANA-300x300.jpg\" class=\"attachment-medium size-medium\" alt=\"\" srcset=\"https:\/\/vistiendobebes.com\/wp-content\/uploads\/2023\/07\/MIGJORN-JULIANA-300x300.jpg 300w, https:\/\/vistiendobebes.com\/wp-content\/uploads\/2023\/07\/MIGJORN-JULIANA-150x150.jpg 150w, https:\/\/vistiendobebes.com\/wp-content\/uploads\/2023\/07\/MIGJORN-JULIANA-768x768.jpg 768w, https:\/\/vistiendobebes.com\/wp-content\/uploads\/2023\/07\/MIGJORN-JULIANA.jpg 842w\" sizes=\"auto, (max-width: 300px) 100vw, 300px\" \/><\/a>\n\t\t\t\t\t<a title=\"CALETA-JULIANA\"  href='https:\/\/vistiendobebes.com\/wp-content\/uploads\/2023\/07\/CALETA-JULIANA.jpg'><img loading=\"lazy\" decoding=\"async\" width=\"300\" height=\"300\" src=\"https:\/\/vistiendobebes.com\/wp-content\/uploads\/2023\/07\/CALETA-JULIANA-300x300.jpg\" class=\"attachment-medium size-medium\" alt=\"A moda infantil mais ador\u00e1vel\" srcset=\"https:\/\/vistiendobebes.com\/wp-content\/uploads\/2023\/07\/CALETA-JULIANA-300x300.jpg 300w, https:\/\/vistiendobebes.com\/wp-content\/uploads\/2023\/07\/CALETA-JULIANA-150x150.jpg 150w, https:\/\/vistiendobebes.com\/wp-content\/uploads\/2023\/07\/CALETA-JULIANA-768x768.jpg 768w, https:\/\/vistiendobebes.com\/wp-content\/uploads\/2023\/07\/CALETA-JULIANA.jpg 842w\" sizes=\"auto, (max-width: 300px) 100vw, 300px\" \/><\/a>\n\t\t\t<\/div>\n\n<h3>A moda infantil mais ador\u00e1vel: gorros a condizer<\/h3>\n<p>Os nossos gorros para beb\u00e9 n\u00e3o s\u00e3o apenas ador\u00e1veis, mas tamb\u00e9m pr\u00e1ticos. Fabricados com tecidos suaves e confort\u00e1veis, garantem a prote\u00e7\u00e3o necess\u00e1ria, mantendo o estilo \u00fanico da Juliana.<\/p>\n\n\t\t\t<style>\n\t\t\t\t#gallery-3 {\n\t\t\t\t\tmargin: auto;\n\t\t\t\t}\n\t\t\t\t#gallery-3 .gallery-item {\n\t\t\t\t\tfloat: left;\n\t\t\t\t\tmargin-top: 10px;\n\t\t\t\t\ttext-align: center;\n\t\t\t\t\twidth: 25%;\n\t\t\t\t}\n\t\t\t\t#gallery-3 img {\n\t\t\t\t\tmax-width:100%;\n\t\t\t\t}\n\t\t\t\t#gallery-3 .gallery-caption {\n\t\t\t\t\tmargin-left: 0;\n\t\t\t\t}\n\t\t\t<\/style>\n\t\t<div id='gallery-3' class='gallery galleryid-35718 wd-justified-gallery gallery-columns-4 gallery-size-medium'>\n\t\t\t\t\t<a title=\"068_Juliana copia\"  href='https:\/\/vistiendobebes.com\/wp-content\/uploads\/2023\/07\/068_Juliana-copia.jpg'><img loading=\"lazy\" decoding=\"async\" width=\"300\" height=\"300\" src=\"https:\/\/vistiendobebes.com\/wp-content\/uploads\/2023\/07\/068_Juliana-copia-300x300.jpg\" class=\"attachment-medium size-medium\" alt=\"A moda infantil mais ador\u00e1vel\" aria-describedby=\"gallery-3-35645\" srcset=\"https:\/\/vistiendobebes.com\/wp-content\/uploads\/2023\/07\/068_Juliana-copia-300x300.jpg 300w, https:\/\/vistiendobebes.com\/wp-content\/uploads\/2023\/07\/068_Juliana-copia-150x150.jpg 150w, https:\/\/vistiendobebes.com\/wp-content\/uploads\/2023\/07\/068_Juliana-copia-768x768.jpg 768w, https:\/\/vistiendobebes.com\/wp-content\/uploads\/2023\/07\/068_Juliana-copia.jpg 842w\" sizes=\"auto, (max-width: 300px) 100vw, 300px\" \/><\/a>\n\t\t\t\t\t<a title=\"357_Juliana copia\"  href='https:\/\/vistiendobebes.com\/wp-content\/uploads\/2023\/07\/357_Juliana-copia.jpg'><img loading=\"lazy\" decoding=\"async\" width=\"300\" height=\"300\" src=\"https:\/\/vistiendobebes.com\/wp-content\/uploads\/2023\/07\/357_Juliana-copia-300x300.jpg\" class=\"attachment-medium size-medium\" alt=\"\" aria-describedby=\"gallery-3-35613\" srcset=\"https:\/\/vistiendobebes.com\/wp-content\/uploads\/2023\/07\/357_Juliana-copia-300x300.jpg 300w, https:\/\/vistiendobebes.com\/wp-content\/uploads\/2023\/07\/357_Juliana-copia-150x150.jpg 150w, https:\/\/vistiendobebes.com\/wp-content\/uploads\/2023\/07\/357_Juliana-copia-768x768.jpg 768w, https:\/\/vistiendobebes.com\/wp-content\/uploads\/2023\/07\/357_Juliana-copia.jpg 842w\" sizes=\"auto, (max-width: 300px) 100vw, 300px\" \/><\/a>\n\t\t\t\t\t<a title=\"472_Juliana copia\"  href='https:\/\/vistiendobebes.com\/wp-content\/uploads\/2023\/07\/472_Juliana-copia.jpg'><img loading=\"lazy\" decoding=\"async\" width=\"300\" height=\"300\" src=\"https:\/\/vistiendobebes.com\/wp-content\/uploads\/2023\/07\/472_Juliana-copia-300x300.jpg\" class=\"attachment-medium size-medium\" alt=\"\" aria-describedby=\"gallery-3-35629\" srcset=\"https:\/\/vistiendobebes.com\/wp-content\/uploads\/2023\/07\/472_Juliana-copia-300x300.jpg 300w, https:\/\/vistiendobebes.com\/wp-content\/uploads\/2023\/07\/472_Juliana-copia-150x150.jpg 150w, https:\/\/vistiendobebes.com\/wp-content\/uploads\/2023\/07\/472_Juliana-copia-768x768.jpg 768w, https:\/\/vistiendobebes.com\/wp-content\/uploads\/2023\/07\/472_Juliana-copia.jpg 842w\" sizes=\"auto, (max-width: 300px) 100vw, 300px\" \/><\/a>\n\t\t\t\t\t<a title=\"056_Juliana copia\"  href='https:\/\/vistiendobebes.com\/wp-content\/uploads\/2023\/07\/056_Juliana-copia.jpg'><img loading=\"lazy\" decoding=\"async\" width=\"300\" height=\"300\" src=\"https:\/\/vistiendobebes.com\/wp-content\/uploads\/2023\/07\/056_Juliana-copia-300x300.jpg\" class=\"attachment-medium size-medium\" alt=\"A moda infantil mais ador\u00e1vel\" aria-describedby=\"gallery-3-35689\" srcset=\"https:\/\/vistiendobebes.com\/wp-content\/uploads\/2023\/07\/056_Juliana-copia-300x300.jpg 300w, https:\/\/vistiendobebes.com\/wp-content\/uploads\/2023\/07\/056_Juliana-copia-150x150.jpg 150w, https:\/\/vistiendobebes.com\/wp-content\/uploads\/2023\/07\/056_Juliana-copia-768x768.jpg 768w, https:\/\/vistiendobebes.com\/wp-content\/uploads\/2023\/07\/056_Juliana-copia.jpg 842w\" sizes=\"auto, (max-width: 300px) 100vw, 300px\" \/><\/a>\n\t\t\t<\/div>\n\n<h2>As \u00faltimas novidades da moda para beb\u00e9s<\/h2>\n<p>Na Juliana, estamos sempre a par das \u00faltimas tend\u00eancias da moda para beb\u00e9s. As nossas pe\u00e7as de vestu\u00e1rio s\u00e3o confort\u00e1veis, atraentes e modernas, tornando a tarefa de vestir os beb\u00e9s com estilo uma tarefa simples e agrad\u00e1vel.<\/p>\n<p>Cada pe\u00e7a reflecte o nosso compromisso com a qualidade e o estilo. Com a Juliana, pode ter a certeza de que o seu beb\u00e9 estar\u00e1 sempre ador\u00e1vel e confort\u00e1vel.<\/p>\n<p>Explore as nossas colec\u00e7\u00f5es de roupa infantil Juliana e descubra a alegria de vestir os seus pequenos com estilo &#8211; n\u00e3o h\u00e1 nada mais gratificante do que ver o seu beb\u00e9 a usar as tend\u00eancias de moda infantil mais ador\u00e1veis da esta\u00e7\u00e3o!<\/p>\n","protected":false},"excerpt":{"rendered":"<p>Hoje, da parte da Juliana, queremos falar-vos da moda infantil mais ador\u00e1vel desta esta\u00e7\u00e3o para os mais pequenos, com especial<\/p>\n","protected":false},"author":2,"featured_media":35719,"comment_status":"closed","ping_status":"open","sticky":false,"template":"","format":"standard","meta":{"footnotes":""},"categories":[411],"tags":[],"class_list":["post-35718","post","type-post","status-publish","format-standard","has-post-thumbnail","hentry","category-moda-infantil-pt-pt"],"yoast_head":"<!-- This site is optimized with the Yoast SEO plugin v27.5 - https:\/\/yoast.com\/product\/yoast-seo-wordpress\/ -->\n<title>A moda infantil mais ador\u00e1vel - Juliana Vistiendo Beb\u00e9s<\/title>\n<meta name=\"description\" content=\"Descubra a moda infantil mais ador\u00e1vel para esta esta\u00e7\u00e3o - a nossa prioridade \u00e9 que os beb\u00e9s e as crian\u00e7as pequenas estejam confort\u00e1veis!\" \/>\n<meta name=\"robots\" content=\"index, follow, max-snippet:-1, max-image-preview:large, max-video-preview:-1\" \/>\n<link rel=\"canonical\" href=\"https:\/\/vistiendobebes.com\/pt-pt\/a-moda-infantil-mais-adoravel\/\" \/>\n<meta property=\"og:locale\" content=\"pt_PT\" \/>\n<meta property=\"og:type\" content=\"article\" \/>\n<meta property=\"og:title\" content=\"A moda infantil mais ador\u00e1vel - Juliana Vistiendo Beb\u00e9s\" \/>\n<meta property=\"og:description\" content=\"Descubra a moda infantil mais ador\u00e1vel para esta esta\u00e7\u00e3o - a nossa prioridade \u00e9 que os beb\u00e9s e as crian\u00e7as pequenas estejam confort\u00e1veis!\" \/>\n<meta property=\"og:url\" content=\"https:\/\/vistiendobebes.com\/pt-pt\/a-moda-infantil-mais-adoravel\/\" \/>\n<meta property=\"og:site_name\" content=\"Juliana Vistiendo Beb\u00e9s\" \/>\n<meta property=\"article:publisher\" content=\"https:\/\/www.facebook.com\/julianavistiendobebes\" \/>\n<meta property=\"article:published_time\" content=\"2023-07-28T07:42:02+00:00\" \/>\n<meta property=\"article:modified_time\" content=\"2023-07-28T08:13:36+00:00\" \/>\n<meta property=\"og:image\" content=\"https:\/\/vistiendobebes.com\/wp-content\/uploads\/2023\/07\/Moda-espanola-para-bebes-6.png\" \/>\n\t<meta property=\"og:image:width\" content=\"1120\" \/>\n\t<meta property=\"og:image:height\" content=\"550\" \/>\n\t<meta property=\"og:image:type\" content=\"image\/png\" \/>\n<meta name=\"author\" content=\"Joaquin\" \/>\n<meta name=\"twitter:card\" content=\"summary_large_image\" \/>\n<meta name=\"twitter:label1\" content=\"Escrito por\" \/>\n\t<meta name=\"twitter:data1\" content=\"Joaquin\" \/>\n\t<meta name=\"twitter:label2\" content=\"Tempo estimado de leitura\" \/>\n\t<meta name=\"twitter:data2\" content=\"2 minutos\" \/>\n<script type=\"application\/ld+json\" class=\"yoast-schema-graph\">{\"@context\":\"https:\\\/\\\/schema.org\",\"@graph\":[{\"@type\":\"Article\",\"@id\":\"https:\\\/\\\/vistiendobebes.com\\\/pt-pt\\\/a-moda-infantil-mais-adoravel\\\/#article\",\"isPartOf\":{\"@id\":\"https:\\\/\\\/vistiendobebes.com\\\/pt-pt\\\/a-moda-infantil-mais-adoravel\\\/\"},\"author\":{\"name\":\"Joaquin\",\"@id\":\"https:\\\/\\\/vistiendobebes.com\\\/pt-pt\\\/#\\\/schema\\\/person\\\/76b9ff2be80bf0f4f9b7d41be6884e5c\"},\"headline\":\"A moda infantil mais ador\u00e1vel\",\"datePublished\":\"2023-07-28T07:42:02+00:00\",\"dateModified\":\"2023-07-28T08:13:36+00:00\",\"mainEntityOfPage\":{\"@id\":\"https:\\\/\\\/vistiendobebes.com\\\/pt-pt\\\/a-moda-infantil-mais-adoravel\\\/\"},\"wordCount\":501,\"publisher\":{\"@id\":\"https:\\\/\\\/vistiendobebes.com\\\/pt-pt\\\/#organization\"},\"image\":{\"@id\":\"https:\\\/\\\/vistiendobebes.com\\\/pt-pt\\\/a-moda-infantil-mais-adoravel\\\/#primaryimage\"},\"thumbnailUrl\":\"https:\\\/\\\/vistiendobebes.com\\\/wp-content\\\/uploads\\\/2023\\\/07\\\/Moda-espanola-para-bebes-6.png\",\"articleSection\":[\"Moda infantil\"],\"inLanguage\":\"pt-PT\"},{\"@type\":\"WebPage\",\"@id\":\"https:\\\/\\\/vistiendobebes.com\\\/pt-pt\\\/a-moda-infantil-mais-adoravel\\\/\",\"url\":\"https:\\\/\\\/vistiendobebes.com\\\/pt-pt\\\/a-moda-infantil-mais-adoravel\\\/\",\"name\":\"A moda infantil mais ador\u00e1vel - Juliana Vistiendo Beb\u00e9s\",\"isPartOf\":{\"@id\":\"https:\\\/\\\/vistiendobebes.com\\\/pt-pt\\\/#website\"},\"primaryImageOfPage\":{\"@id\":\"https:\\\/\\\/vistiendobebes.com\\\/pt-pt\\\/a-moda-infantil-mais-adoravel\\\/#primaryimage\"},\"image\":{\"@id\":\"https:\\\/\\\/vistiendobebes.com\\\/pt-pt\\\/a-moda-infantil-mais-adoravel\\\/#primaryimage\"},\"thumbnailUrl\":\"https:\\\/\\\/vistiendobebes.com\\\/wp-content\\\/uploads\\\/2023\\\/07\\\/Moda-espanola-para-bebes-6.png\",\"datePublished\":\"2023-07-28T07:42:02+00:00\",\"dateModified\":\"2023-07-28T08:13:36+00:00\",\"description\":\"Descubra a moda infantil mais ador\u00e1vel para esta esta\u00e7\u00e3o - a nossa prioridade \u00e9 que os beb\u00e9s e as crian\u00e7as pequenas estejam confort\u00e1veis!\",\"breadcrumb\":{\"@id\":\"https:\\\/\\\/vistiendobebes.com\\\/pt-pt\\\/a-moda-infantil-mais-adoravel\\\/#breadcrumb\"},\"inLanguage\":\"pt-PT\",\"potentialAction\":[{\"@type\":\"ReadAction\",\"target\":[\"https:\\\/\\\/vistiendobebes.com\\\/pt-pt\\\/a-moda-infantil-mais-adoravel\\\/\"]}]},{\"@type\":\"ImageObject\",\"inLanguage\":\"pt-PT\",\"@id\":\"https:\\\/\\\/vistiendobebes.com\\\/pt-pt\\\/a-moda-infantil-mais-adoravel\\\/#primaryimage\",\"url\":\"https:\\\/\\\/vistiendobebes.com\\\/wp-content\\\/uploads\\\/2023\\\/07\\\/Moda-espanola-para-bebes-6.png\",\"contentUrl\":\"https:\\\/\\\/vistiendobebes.com\\\/wp-content\\\/uploads\\\/2023\\\/07\\\/Moda-espanola-para-bebes-6.png\",\"width\":1120,\"height\":550,\"caption\":\"A moda infantil mais ador\u00e1vel\"},{\"@type\":\"BreadcrumbList\",\"@id\":\"https:\\\/\\\/vistiendobebes.com\\\/pt-pt\\\/a-moda-infantil-mais-adoravel\\\/#breadcrumb\",\"itemListElement\":[{\"@type\":\"ListItem\",\"position\":1,\"name\":\"Portada\",\"item\":\"https:\\\/\\\/vistiendobebes.com\\\/pt-pt\\\/\"},{\"@type\":\"ListItem\",\"position\":2,\"name\":\"A moda infantil mais ador\u00e1vel\"}]},{\"@type\":\"WebSite\",\"@id\":\"https:\\\/\\\/vistiendobebes.com\\\/pt-pt\\\/#website\",\"url\":\"https:\\\/\\\/vistiendobebes.com\\\/pt-pt\\\/\",\"name\":\"Juliana Vistiendo Beb\u00e9s\",\"description\":\"Marca de moda infantil\",\"publisher\":{\"@id\":\"https:\\\/\\\/vistiendobebes.com\\\/pt-pt\\\/#organization\"},\"potentialAction\":[{\"@type\":\"SearchAction\",\"target\":{\"@type\":\"EntryPoint\",\"urlTemplate\":\"https:\\\/\\\/vistiendobebes.com\\\/pt-pt\\\/?s={search_term_string}\"},\"query-input\":{\"@type\":\"PropertyValueSpecification\",\"valueRequired\":true,\"valueName\":\"search_term_string\"}}],\"inLanguage\":\"pt-PT\"},{\"@type\":\"Organization\",\"@id\":\"https:\\\/\\\/vistiendobebes.com\\\/pt-pt\\\/#organization\",\"name\":\"Juliana, Vistiendo Beb\u00e9s\",\"url\":\"https:\\\/\\\/vistiendobebes.com\\\/pt-pt\\\/\",\"logo\":{\"@type\":\"ImageObject\",\"inLanguage\":\"pt-PT\",\"@id\":\"https:\\\/\\\/vistiendobebes.com\\\/pt-pt\\\/#\\\/schema\\\/logo\\\/image\\\/\",\"url\":\"https:\\\/\\\/vistiendobebes.com\\\/wp-content\\\/uploads\\\/2021\\\/07\\\/marca-juliana.png\",\"contentUrl\":\"https:\\\/\\\/vistiendobebes.com\\\/wp-content\\\/uploads\\\/2021\\\/07\\\/marca-juliana.png\",\"width\":909,\"height\":907,\"caption\":\"Juliana, Vistiendo Beb\u00e9s\"},\"image\":{\"@id\":\"https:\\\/\\\/vistiendobebes.com\\\/pt-pt\\\/#\\\/schema\\\/logo\\\/image\\\/\"},\"sameAs\":[\"https:\\\/\\\/www.facebook.com\\\/julianavistiendobebes\",\"https:\\\/\\\/www.instagram.com\\\/julianavistiendobebes\\\/\",\"https:\\\/\\\/www.youtube.com\\\/channel\\\/UCHaSPwnyKbcQ1Ppzf2roteA\"]},{\"@type\":\"Person\",\"@id\":\"https:\\\/\\\/vistiendobebes.com\\\/pt-pt\\\/#\\\/schema\\\/person\\\/76b9ff2be80bf0f4f9b7d41be6884e5c\",\"name\":\"Joaquin\",\"image\":{\"@type\":\"ImageObject\",\"inLanguage\":\"pt-PT\",\"@id\":\"https:\\\/\\\/secure.gravatar.com\\\/avatar\\\/8e28c816cd54ef531c1ecd2be4389ad63c838376f221db13621a179ef5cf57a0?s=96&d=mm&r=g\",\"url\":\"https:\\\/\\\/secure.gravatar.com\\\/avatar\\\/8e28c816cd54ef531c1ecd2be4389ad63c838376f221db13621a179ef5cf57a0?s=96&d=mm&r=g\",\"contentUrl\":\"https:\\\/\\\/secure.gravatar.com\\\/avatar\\\/8e28c816cd54ef531c1ecd2be4389ad63c838376f221db13621a179ef5cf57a0?s=96&d=mm&r=g\",\"caption\":\"Joaquin\"}}]}<\/script>\n<!-- \/ Yoast SEO plugin. -->","yoast_head_json":{"title":"A moda infantil mais ador\u00e1vel - Juliana Vistiendo Beb\u00e9s","description":"Descubra a moda infantil mais ador\u00e1vel para esta esta\u00e7\u00e3o - a nossa prioridade \u00e9 que os beb\u00e9s e as crian\u00e7as pequenas estejam confort\u00e1veis!","robots":{"index":"index","follow":"follow","max-snippet":"max-snippet:-1","max-image-preview":"max-image-preview:large","max-video-preview":"max-video-preview:-1"},"canonical":"https:\/\/vistiendobebes.com\/pt-pt\/a-moda-infantil-mais-adoravel\/","og_locale":"pt_PT","og_type":"article","og_title":"A moda infantil mais ador\u00e1vel - Juliana Vistiendo Beb\u00e9s","og_description":"Descubra a moda infantil mais ador\u00e1vel para esta esta\u00e7\u00e3o - a nossa prioridade \u00e9 que os beb\u00e9s e as crian\u00e7as pequenas estejam confort\u00e1veis!","og_url":"https:\/\/vistiendobebes.com\/pt-pt\/a-moda-infantil-mais-adoravel\/","og_site_name":"Juliana Vistiendo Beb\u00e9s","article_publisher":"https:\/\/www.facebook.com\/julianavistiendobebes","article_published_time":"2023-07-28T07:42:02+00:00","article_modified_time":"2023-07-28T08:13:36+00:00","og_image":[{"width":1120,"height":550,"url":"https:\/\/vistiendobebes.com\/wp-content\/uploads\/2023\/07\/Moda-espanola-para-bebes-6.png","type":"image\/png"}],"author":"Joaquin","twitter_card":"summary_large_image","twitter_misc":{"Escrito por":"Joaquin","Tempo estimado de leitura":"2 minutos"},"schema":{"@context":"https:\/\/schema.org","@graph":[{"@type":"Article","@id":"https:\/\/vistiendobebes.com\/pt-pt\/a-moda-infantil-mais-adoravel\/#article","isPartOf":{"@id":"https:\/\/vistiendobebes.com\/pt-pt\/a-moda-infantil-mais-adoravel\/"},"author":{"name":"Joaquin","@id":"https:\/\/vistiendobebes.com\/pt-pt\/#\/schema\/person\/76b9ff2be80bf0f4f9b7d41be6884e5c"},"headline":"A moda infantil mais ador\u00e1vel","datePublished":"2023-07-28T07:42:02+00:00","dateModified":"2023-07-28T08:13:36+00:00","mainEntityOfPage":{"@id":"https:\/\/vistiendobebes.com\/pt-pt\/a-moda-infantil-mais-adoravel\/"},"wordCount":501,"publisher":{"@id":"https:\/\/vistiendobebes.com\/pt-pt\/#organization"},"image":{"@id":"https:\/\/vistiendobebes.com\/pt-pt\/a-moda-infantil-mais-adoravel\/#primaryimage"},"thumbnailUrl":"https:\/\/vistiendobebes.com\/wp-content\/uploads\/2023\/07\/Moda-espanola-para-bebes-6.png","articleSection":["Moda infantil"],"inLanguage":"pt-PT"},{"@type":"WebPage","@id":"https:\/\/vistiendobebes.com\/pt-pt\/a-moda-infantil-mais-adoravel\/","url":"https:\/\/vistiendobebes.com\/pt-pt\/a-moda-infantil-mais-adoravel\/","name":"A moda infantil mais ador\u00e1vel - Juliana Vistiendo Beb\u00e9s","isPartOf":{"@id":"https:\/\/vistiendobebes.com\/pt-pt\/#website"},"primaryImageOfPage":{"@id":"https:\/\/vistiendobebes.com\/pt-pt\/a-moda-infantil-mais-adoravel\/#primaryimage"},"image":{"@id":"https:\/\/vistiendobebes.com\/pt-pt\/a-moda-infantil-mais-adoravel\/#primaryimage"},"thumbnailUrl":"https:\/\/vistiendobebes.com\/wp-content\/uploads\/2023\/07\/Moda-espanola-para-bebes-6.png","datePublished":"2023-07-28T07:42:02+00:00","dateModified":"2023-07-28T08:13:36+00:00","description":"Descubra a moda infantil mais ador\u00e1vel para esta esta\u00e7\u00e3o - a nossa prioridade \u00e9 que os beb\u00e9s e as crian\u00e7as pequenas estejam confort\u00e1veis!","breadcrumb":{"@id":"https:\/\/vistiendobebes.com\/pt-pt\/a-moda-infantil-mais-adoravel\/#breadcrumb"},"inLanguage":"pt-PT","potentialAction":[{"@type":"ReadAction","target":["https:\/\/vistiendobebes.com\/pt-pt\/a-moda-infantil-mais-adoravel\/"]}]},{"@type":"ImageObject","inLanguage":"pt-PT","@id":"https:\/\/vistiendobebes.com\/pt-pt\/a-moda-infantil-mais-adoravel\/#primaryimage","url":"https:\/\/vistiendobebes.com\/wp-content\/uploads\/2023\/07\/Moda-espanola-para-bebes-6.png","contentUrl":"https:\/\/vistiendobebes.com\/wp-content\/uploads\/2023\/07\/Moda-espanola-para-bebes-6.png","width":1120,"height":550,"caption":"A moda infantil mais ador\u00e1vel"},{"@type":"BreadcrumbList","@id":"https:\/\/vistiendobebes.com\/pt-pt\/a-moda-infantil-mais-adoravel\/#breadcrumb","itemListElement":[{"@type":"ListItem","position":1,"name":"Portada","item":"https:\/\/vistiendobebes.com\/pt-pt\/"},{"@type":"ListItem","position":2,"name":"A moda infantil mais ador\u00e1vel"}]},{"@type":"WebSite","@id":"https:\/\/vistiendobebes.com\/pt-pt\/#website","url":"https:\/\/vistiendobebes.com\/pt-pt\/","name":"Juliana Vistiendo Beb\u00e9s","description":"Marca de moda infantil","publisher":{"@id":"https:\/\/vistiendobebes.com\/pt-pt\/#organization"},"potentialAction":[{"@type":"SearchAction","target":{"@type":"EntryPoint","urlTemplate":"https:\/\/vistiendobebes.com\/pt-pt\/?s={search_term_string}"},"query-input":{"@type":"PropertyValueSpecification","valueRequired":true,"valueName":"search_term_string"}}],"inLanguage":"pt-PT"},{"@type":"Organization","@id":"https:\/\/vistiendobebes.com\/pt-pt\/#organization","name":"Juliana, Vistiendo Beb\u00e9s","url":"https:\/\/vistiendobebes.com\/pt-pt\/","logo":{"@type":"ImageObject","inLanguage":"pt-PT","@id":"https:\/\/vistiendobebes.com\/pt-pt\/#\/schema\/logo\/image\/","url":"https:\/\/vistiendobebes.com\/wp-content\/uploads\/2021\/07\/marca-juliana.png","contentUrl":"https:\/\/vistiendobebes.com\/wp-content\/uploads\/2021\/07\/marca-juliana.png","width":909,"height":907,"caption":"Juliana, Vistiendo Beb\u00e9s"},"image":{"@id":"https:\/\/vistiendobebes.com\/pt-pt\/#\/schema\/logo\/image\/"},"sameAs":["https:\/\/www.facebook.com\/julianavistiendobebes","https:\/\/www.instagram.com\/julianavistiendobebes\/","https:\/\/www.youtube.com\/channel\/UCHaSPwnyKbcQ1Ppzf2roteA"]},{"@type":"Person","@id":"https:\/\/vistiendobebes.com\/pt-pt\/#\/schema\/person\/76b9ff2be80bf0f4f9b7d41be6884e5c","name":"Joaquin","image":{"@type":"ImageObject","inLanguage":"pt-PT","@id":"https:\/\/secure.gravatar.com\/avatar\/8e28c816cd54ef531c1ecd2be4389ad63c838376f221db13621a179ef5cf57a0?s=96&d=mm&r=g","url":"https:\/\/secure.gravatar.com\/avatar\/8e28c816cd54ef531c1ecd2be4389ad63c838376f221db13621a179ef5cf57a0?s=96&d=mm&r=g","contentUrl":"https:\/\/secure.gravatar.com\/avatar\/8e28c816cd54ef531c1ecd2be4389ad63c838376f221db13621a179ef5cf57a0?s=96&d=mm&r=g","caption":"Joaquin"}}]}},"_links":{"self":[{"href":"https:\/\/vistiendobebes.com\/pt-pt\/wp-json\/wp\/v2\/posts\/35718","targetHints":{"allow":["GET"]}}],"collection":[{"href":"https:\/\/vistiendobebes.com\/pt-pt\/wp-json\/wp\/v2\/posts"}],"about":[{"href":"https:\/\/vistiendobebes.com\/pt-pt\/wp-json\/wp\/v2\/types\/post"}],"author":[{"embeddable":true,"href":"https:\/\/vistiendobebes.com\/pt-pt\/wp-json\/wp\/v2\/users\/2"}],"replies":[{"embeddable":true,"href":"https:\/\/vistiendobebes.com\/pt-pt\/wp-json\/wp\/v2\/comments?post=35718"}],"version-history":[{"count":0,"href":"https:\/\/vistiendobebes.com\/pt-pt\/wp-json\/wp\/v2\/posts\/35718\/revisions"}],"wp:featuredmedia":[{"embeddable":true,"href":"https:\/\/vistiendobebes.com\/pt-pt\/wp-json\/wp\/v2\/media\/35719"}],"wp:attachment":[{"href":"https:\/\/vistiendobebes.com\/pt-pt\/wp-json\/wp\/v2\/media?parent=35718"}],"wp:term":[{"taxonomy":"category","embeddable":true,"href":"https:\/\/vistiendobebes.com\/pt-pt\/wp-json\/wp\/v2\/categories?post=35718"},{"taxonomy":"post_tag","embeddable":true,"href":"https:\/\/vistiendobebes.com\/pt-pt\/wp-json\/wp\/v2\/tags?post=35718"}],"curies":[{"name":"wp","href":"https:\/\/api.w.org\/{rel}","templated":true}]}}