{"id":34175,"date":"2023-05-17T10:01:50","date_gmt":"2023-05-17T08:01:50","guid":{"rendered":"https:\/\/vistiendobebes.com\/salopette-per-neonati-in-maglia-di-charme\/"},"modified":"2023-06-20T13:42:51","modified_gmt":"2023-06-20T11:42:51","slug":"jardineiras-de-malha-encantadoras-para-bebes","status":"publish","type":"post","link":"https:\/\/vistiendobebes.com\/pt-pt\/jardineiras-de-malha-encantadoras-para-bebes\/","title":{"rendered":"Jardineiras de malha encantadoras para beb\u00e9s"},"content":{"rendered":"<p>H\u00e1 algo de especial nos macac\u00f5es de malha para beb\u00e9s. S\u00e3o pe\u00e7as de vestu\u00e1rio originais que despertam a ternura de todos os olhares. O seu design \u00fanico, as cores e os estampados, o tecido macio&#8230; s\u00e3o os elementos-chave que far\u00e3o deles um sucesso absoluto no look encantador do seu beb\u00e9.<br \/>\n<!--more--><\/p>\n<h2>No ver\u00e3o, as jardineiras de malha para beb\u00e9 s\u00e3o a sua melhor op\u00e7\u00e3o<\/h2>\n<p>Um beb\u00e9 vestido com um macac\u00e3o de malha da nossa cole\u00e7\u00e3o We Love Summer! vai certamente chamar a aten\u00e7\u00e3o. O estilo rom\u00e2ntico de Juliana desempenha um papel cativante nos estilos divertidos que seleccion\u00e1mos para que possa escolher de acordo com o seu estilo.<\/p>\n<p><strong>As jardineiras de malha s\u00e3o extremamente confort\u00e1veis.<\/strong> O tecido de malha \u00e9 respir\u00e1vel e o beb\u00e9 n\u00e3o sofre com as altas temperaturas, mantendo-o sempre fresco. As aberturas nas al\u00e7as, nos lados e na parte inferior tamb\u00e9m facilitam a mudan\u00e7a r\u00e1pida das fraldas.<\/p>\n<p>Os macac\u00f5es de malha para beb\u00e9 s\u00e3o a sua melhor escolha para o ver\u00e3o.<\/p>\n<h2>6 macac\u00f5es de malha para dar ao seu beb\u00e9 uma dose extra de charme<\/h2>\n<p>Aqui est\u00e3o seis jardineiras diferentes das linhas de ver\u00e3o da Juliana. Todos eles t\u00eam um toque muito chique e divertido, um reflexo claro da identidade que impregna esta variada cole\u00e7\u00e3o pensada para a esta\u00e7\u00e3o quente.<\/p>\n<h3>1) Jardineiras assim\u00e9tricas em malha rosa Cole\u00e7\u00e3o Algarve<\/h3>\n<div id=\"attachment_29215\" style=\"width: 160px\" class=\"wp-caption alignright\"><img loading=\"lazy\" decoding=\"async\" aria-describedby=\"caption-attachment-29215\" class=\" wp-image-29215\" title=\"JJ7142\" src=\"https:\/\/vistiendobebes.com\/wp-content\/uploads\/2023\/05\/JJ7142-150x150.jpg\" alt=\"JJ7142\" width=\"150\" height=\"150\" \/><p id=\"caption-attachment-29215\" class=\"wp-caption-text\">JJ7142<\/p><\/div>\n<p>Uma maravilha para as meninas mais namoradeiras. O rosa intenso destas jardineiras em malha tem um corte assim\u00e9trico muito original. O decote com folho, tamb\u00e9m em malha, chega at\u00e9 ao ombro e torna-se numa das al\u00e7as. Sob a outra al\u00e7a direita, um pequeno la\u00e7o com o tecido floral da Cole\u00e7\u00e3o Algarve completa o look mais rom\u00e2ntico das meninas. Abertura na parte inferior com bot\u00f5es.<\/p>\n<h3>2. Jardineiras de malha vermelha da Cole\u00e7\u00e3o Varadero<\/h3>\n<div id=\"attachment_29208\" style=\"width: 161px\" class=\"wp-caption alignright\"><img loading=\"lazy\" decoding=\"async\" aria-describedby=\"caption-attachment-29208\" class=\" wp-image-29208\" title=\"JJ7197\" src=\"https:\/\/vistiendobebes.com\/wp-content\/uploads\/2023\/05\/JJ7197-150x150.jpg\" alt=\"JJ7197\" width=\"151\" height=\"151\" \/><p id=\"caption-attachment-29208\" class=\"wp-caption-text\">JJ7197<\/p><\/div>\n<p>Um grande la\u00e7o \u00e0s riscas azuis, vermelhas e beges adorna a frente destas jardineiras unissexo da cole\u00e7\u00e3o Varadero. Muito confort\u00e1vel de usar, tem bot\u00f5es nas al\u00e7as e a abertura na parte inferior, tamb\u00e9m fechada com bot\u00f5es, facilita a mudan\u00e7a de fraldas. Uma pe\u00e7a de vestu\u00e1rio ideal para rapazes e raparigas.<\/p>\n<h3>3. Jardineiras de malha azul turquesa da cole\u00e7\u00e3o Sur<\/h3>\n<div id=\"attachment_29221\" style=\"width: 160px\" class=\"wp-caption alignright\"><img loading=\"lazy\" decoding=\"async\" aria-describedby=\"caption-attachment-29221\" class=\"size-thumbnail wp-image-29221\" title=\"JJ7198\" src=\"https:\/\/vistiendobebes.com\/wp-content\/uploads\/2023\/05\/JJ7198-150x150.jpg\" alt=\"JJ7198\" width=\"150\" height=\"150\" \/><p id=\"caption-attachment-29221\" class=\"wp-caption-text\">JJ7198<\/p><\/div>\n<p>Um bonito par de jardineiras para vestir as crian\u00e7as ao estilo marinheiro. Em azul turquesa intenso, esta pe\u00e7a \u00fanica tem duas filas de bot\u00f5es nos lados para facilitar a abertura e a mudan\u00e7a de fraldas. Perfeito para usar no ver\u00e3o sem camisa por baixo para manter o beb\u00e9 fresco. O acabamento em malha entran\u00e7ada d\u00e1-lhe o toque perfeito para tornar esta pe\u00e7a simples, mas, sem d\u00favida, muito original.<\/p>\n<h3>4. Jardineiras em malha com camisa para carro da Cole\u00e7\u00e3o Noronha<\/h3>\n<div id=\"attachment_29225\" style=\"width: 160px\" class=\"wp-caption alignright\"><img loading=\"lazy\" decoding=\"async\" aria-describedby=\"caption-attachment-29225\" class=\"size-thumbnail wp-image-29225\" title=\"JJ7194\" src=\"https:\/\/vistiendobebes.com\/wp-content\/uploads\/2023\/05\/JJ7194-150x150.jpg\" alt=\"JJ7194\" width=\"150\" height=\"150\" \/><p id=\"caption-attachment-29225\" class=\"wp-caption-text\">JJ7194<\/p><\/div>\n<p>A forma deste macac\u00e3o \u00e9 muito semelhante \u00e0 do anterior. No entanto, a cor azul escura da Cole\u00e7\u00e3o Noronha transforma esta pe\u00e7a num conjunto elegante para combinar com uma camisa. O estampado de carros vintage desta cole\u00e7\u00e3o transmite um look encantador \u00e0s crian\u00e7as, perfeitamente vestidas para uma ocasi\u00e3o especial.<\/p>\n<h3>5. Jardineiras de malha \u00e0s riscas com camisa branca da Cole\u00e7\u00e3o Tulum<\/h3>\n<div id=\"attachment_29229\" style=\"width: 160px\" class=\"wp-caption alignright\"><img loading=\"lazy\" decoding=\"async\" aria-describedby=\"caption-attachment-29229\" class=\"size-thumbnail wp-image-29229\" title=\"JJ7193\" src=\"https:\/\/vistiendobebes.com\/wp-content\/uploads\/2023\/05\/JJ7193-150x150.jpg\" alt=\"JJ7193\" width=\"150\" height=\"150\" \/><p id=\"caption-attachment-29229\" class=\"wp-caption-text\">JJ7193<\/p><\/div>\n<p>Uma pe\u00e7a de vestu\u00e1rio ideal para os rec\u00e9m-nascidos. Um conjunto fino e delicado com riscas em tons acinzentados e brancos, acompanhado de uma camisa branca que d\u00e1 um ar elegante e distinto ao beb\u00e9. O seu tom suave \u00e9 perfeito para o primeiro ver\u00e3o do seu beb\u00e9. As jardineiras s\u00e3o f\u00e1ceis de vestir com bot\u00f5es nas al\u00e7as e na parte inferior.<\/p>\n<h3>6. Jardineiras de malha cinzentas com camisa de patinhos da cole\u00e7\u00e3o Bora.<\/h3>\n<div id=\"attachment_29233\" style=\"width: 160px\" class=\"wp-caption alignright\"><img loading=\"lazy\" decoding=\"async\" aria-describedby=\"caption-attachment-29233\" class=\"size-thumbnail wp-image-29233\" title=\"JJ7195\" src=\"https:\/\/vistiendobebes.com\/wp-content\/uploads\/2023\/05\/JJ7195-150x150.jpg\" alt=\"JJ7195\" width=\"150\" height=\"150\" \/><p id=\"caption-attachment-29233\" class=\"wp-caption-text\">JJ7195<\/p><\/div>\n<p>Esta cole\u00e7\u00e3o elegante inclui um macac\u00e3o de malha cinzento com uma bonita tran\u00e7a a todo o comprimento da pe\u00e7a. A camisola de pato da Cole\u00e7\u00e3o Bora cria um look sofisticado. Um must-have para ocasi\u00f5es especiais neste ver\u00e3o.<\/p>\n<h2>Um look de ver\u00e3o encantador com as jardineiras Juliana<\/h2>\n<p>Se prefere jardineiras em tecidos coloridos e estampados nos diferentes modelos da nossa cole\u00e7\u00e3o We Love Summer, veja as fant\u00e1sticas jardineiras em tecido xadrez Vichy das colec\u00e7\u00f5es <a href=\"https:\/\/vistiendobebes.com\/pt-pt\/portfolio\/colecao-ipanema\/\">Ipanema<\/a> e <a href=\"https:\/\/vistiendobebes.com\/pt-pt\/portfolio\/colecao-marina\/\">Marina<\/a>.<\/p>\n<p>Junte-se ao estilo inconfund\u00edvel da moda rom\u00e2ntica de Juliana para meninos e meninas!<\/p>\n<p>&nbsp;<\/p>\n","protected":false},"excerpt":{"rendered":"<p>H\u00e1 algo de especial nos macac\u00f5es de malha para beb\u00e9s. S\u00e3o pe\u00e7as de vestu\u00e1rio originais que despertam a ternura de<\/p>\n","protected":false},"author":2,"featured_media":34176,"comment_status":"closed","ping_status":"open","sticky":false,"template":"","format":"standard","meta":{"footnotes":""},"categories":[411],"tags":[],"class_list":["post-34175","post","type-post","status-publish","format-standard","has-post-thumbnail","hentry","category-moda-infantil-pt-pt"],"yoast_head":"<!-- This site is optimized with the Yoast SEO plugin v27.4 - https:\/\/yoast.com\/product\/yoast-seo-wordpress\/ -->\n<title>Jardineiras de malha encantadoras para beb\u00e9s - Juliana Vistiendo Beb\u00e9s<\/title>\n<meta name=\"description\" content=\"Descubra a nossa cole\u00e7\u00e3o de jardineiras em malha para beb\u00e9, essa pe\u00e7a pr\u00e1tica e confort\u00e1vel para os mais pequenos que n\u00e3o pode ser esquecida.\" \/>\n<meta name=\"robots\" content=\"index, follow, max-snippet:-1, max-image-preview:large, max-video-preview:-1\" \/>\n<link rel=\"canonical\" href=\"https:\/\/vistiendobebes.com\/pt-pt\/jardineiras-de-malha-encantadoras-para-bebes\/\" \/>\n<meta property=\"og:locale\" content=\"pt_PT\" \/>\n<meta property=\"og:type\" content=\"article\" \/>\n<meta property=\"og:title\" content=\"Jardineiras de malha encantadoras para beb\u00e9s - Juliana Vistiendo Beb\u00e9s\" \/>\n<meta property=\"og:description\" content=\"Descubra a nossa cole\u00e7\u00e3o de jardineiras em malha para beb\u00e9, essa pe\u00e7a pr\u00e1tica e confort\u00e1vel para os mais pequenos que n\u00e3o pode ser esquecida.\" \/>\n<meta property=\"og:url\" content=\"https:\/\/vistiendobebes.com\/pt-pt\/jardineiras-de-malha-encantadoras-para-bebes\/\" \/>\n<meta property=\"og:site_name\" content=\"Juliana Vistiendo Beb\u00e9s\" \/>\n<meta property=\"article:publisher\" content=\"https:\/\/www.facebook.com\/julianavistiendobebes\" \/>\n<meta property=\"article:published_time\" content=\"2023-05-17T08:01:50+00:00\" \/>\n<meta property=\"article:modified_time\" content=\"2023-06-20T11:42:51+00:00\" \/>\n<meta property=\"og:image\" content=\"https:\/\/vistiendobebes.com\/wp-content\/uploads\/2023\/05\/Moda-espanola-para-bebes-3.png\" \/>\n\t<meta property=\"og:image:width\" content=\"1120\" \/>\n\t<meta property=\"og:image:height\" content=\"550\" \/>\n\t<meta property=\"og:image:type\" content=\"image\/png\" \/>\n<meta name=\"author\" content=\"Joaquin\" \/>\n<meta name=\"twitter:card\" content=\"summary_large_image\" \/>\n<meta name=\"twitter:label1\" content=\"Escrito por\" \/>\n\t<meta name=\"twitter:data1\" content=\"Joaquin\" \/>\n\t<meta name=\"twitter:label2\" content=\"Tempo estimado de leitura\" \/>\n\t<meta name=\"twitter:data2\" content=\"4 minutos\" \/>\n<script type=\"application\/ld+json\" class=\"yoast-schema-graph\">{\"@context\":\"https:\\\/\\\/schema.org\",\"@graph\":[{\"@type\":\"Article\",\"@id\":\"https:\\\/\\\/vistiendobebes.com\\\/pt-pt\\\/jardineiras-de-malha-encantadoras-para-bebes\\\/#article\",\"isPartOf\":{\"@id\":\"https:\\\/\\\/vistiendobebes.com\\\/pt-pt\\\/jardineiras-de-malha-encantadoras-para-bebes\\\/\"},\"author\":{\"name\":\"Joaquin\",\"@id\":\"https:\\\/\\\/vistiendobebes.com\\\/pt-pt\\\/#\\\/schema\\\/person\\\/76b9ff2be80bf0f4f9b7d41be6884e5c\"},\"headline\":\"Jardineiras de malha encantadoras para beb\u00e9s\",\"datePublished\":\"2023-05-17T08:01:50+00:00\",\"dateModified\":\"2023-06-20T11:42:51+00:00\",\"mainEntityOfPage\":{\"@id\":\"https:\\\/\\\/vistiendobebes.com\\\/pt-pt\\\/jardineiras-de-malha-encantadoras-para-bebes\\\/\"},\"wordCount\":790,\"publisher\":{\"@id\":\"https:\\\/\\\/vistiendobebes.com\\\/pt-pt\\\/#organization\"},\"image\":{\"@id\":\"https:\\\/\\\/vistiendobebes.com\\\/pt-pt\\\/jardineiras-de-malha-encantadoras-para-bebes\\\/#primaryimage\"},\"thumbnailUrl\":\"https:\\\/\\\/vistiendobebes.com\\\/wp-content\\\/uploads\\\/2023\\\/05\\\/Moda-espanola-para-bebes-3.png\",\"articleSection\":[\"Moda infantil\"],\"inLanguage\":\"pt-PT\"},{\"@type\":\"WebPage\",\"@id\":\"https:\\\/\\\/vistiendobebes.com\\\/pt-pt\\\/jardineiras-de-malha-encantadoras-para-bebes\\\/\",\"url\":\"https:\\\/\\\/vistiendobebes.com\\\/pt-pt\\\/jardineiras-de-malha-encantadoras-para-bebes\\\/\",\"name\":\"Jardineiras de malha encantadoras para beb\u00e9s - Juliana Vistiendo Beb\u00e9s\",\"isPartOf\":{\"@id\":\"https:\\\/\\\/vistiendobebes.com\\\/pt-pt\\\/#website\"},\"primaryImageOfPage\":{\"@id\":\"https:\\\/\\\/vistiendobebes.com\\\/pt-pt\\\/jardineiras-de-malha-encantadoras-para-bebes\\\/#primaryimage\"},\"image\":{\"@id\":\"https:\\\/\\\/vistiendobebes.com\\\/pt-pt\\\/jardineiras-de-malha-encantadoras-para-bebes\\\/#primaryimage\"},\"thumbnailUrl\":\"https:\\\/\\\/vistiendobebes.com\\\/wp-content\\\/uploads\\\/2023\\\/05\\\/Moda-espanola-para-bebes-3.png\",\"datePublished\":\"2023-05-17T08:01:50+00:00\",\"dateModified\":\"2023-06-20T11:42:51+00:00\",\"description\":\"Descubra a nossa cole\u00e7\u00e3o de jardineiras em malha para beb\u00e9, essa pe\u00e7a pr\u00e1tica e confort\u00e1vel para os mais pequenos que n\u00e3o pode ser esquecida.\",\"breadcrumb\":{\"@id\":\"https:\\\/\\\/vistiendobebes.com\\\/pt-pt\\\/jardineiras-de-malha-encantadoras-para-bebes\\\/#breadcrumb\"},\"inLanguage\":\"pt-PT\",\"potentialAction\":[{\"@type\":\"ReadAction\",\"target\":[\"https:\\\/\\\/vistiendobebes.com\\\/pt-pt\\\/jardineiras-de-malha-encantadoras-para-bebes\\\/\"]}]},{\"@type\":\"ImageObject\",\"inLanguage\":\"pt-PT\",\"@id\":\"https:\\\/\\\/vistiendobebes.com\\\/pt-pt\\\/jardineiras-de-malha-encantadoras-para-bebes\\\/#primaryimage\",\"url\":\"https:\\\/\\\/vistiendobebes.com\\\/wp-content\\\/uploads\\\/2023\\\/05\\\/Moda-espanola-para-bebes-3.png\",\"contentUrl\":\"https:\\\/\\\/vistiendobebes.com\\\/wp-content\\\/uploads\\\/2023\\\/05\\\/Moda-espanola-para-bebes-3.png\",\"width\":1120,\"height\":550,\"caption\":\"Jardineiras para beb\u00e9\"},{\"@type\":\"BreadcrumbList\",\"@id\":\"https:\\\/\\\/vistiendobebes.com\\\/pt-pt\\\/jardineiras-de-malha-encantadoras-para-bebes\\\/#breadcrumb\",\"itemListElement\":[{\"@type\":\"ListItem\",\"position\":1,\"name\":\"Portada\",\"item\":\"https:\\\/\\\/vistiendobebes.com\\\/pt-pt\\\/\"},{\"@type\":\"ListItem\",\"position\":2,\"name\":\"Jardineiras de malha encantadoras para beb\u00e9s\"}]},{\"@type\":\"WebSite\",\"@id\":\"https:\\\/\\\/vistiendobebes.com\\\/pt-pt\\\/#website\",\"url\":\"https:\\\/\\\/vistiendobebes.com\\\/pt-pt\\\/\",\"name\":\"Juliana Vistiendo Beb\u00e9s\",\"description\":\"Marca de moda infantil\",\"publisher\":{\"@id\":\"https:\\\/\\\/vistiendobebes.com\\\/pt-pt\\\/#organization\"},\"potentialAction\":[{\"@type\":\"SearchAction\",\"target\":{\"@type\":\"EntryPoint\",\"urlTemplate\":\"https:\\\/\\\/vistiendobebes.com\\\/pt-pt\\\/?s={search_term_string}\"},\"query-input\":{\"@type\":\"PropertyValueSpecification\",\"valueRequired\":true,\"valueName\":\"search_term_string\"}}],\"inLanguage\":\"pt-PT\"},{\"@type\":\"Organization\",\"@id\":\"https:\\\/\\\/vistiendobebes.com\\\/pt-pt\\\/#organization\",\"name\":\"Juliana, Vistiendo Beb\u00e9s\",\"url\":\"https:\\\/\\\/vistiendobebes.com\\\/pt-pt\\\/\",\"logo\":{\"@type\":\"ImageObject\",\"inLanguage\":\"pt-PT\",\"@id\":\"https:\\\/\\\/vistiendobebes.com\\\/pt-pt\\\/#\\\/schema\\\/logo\\\/image\\\/\",\"url\":\"https:\\\/\\\/vistiendobebes.com\\\/wp-content\\\/uploads\\\/2021\\\/07\\\/marca-juliana.png\",\"contentUrl\":\"https:\\\/\\\/vistiendobebes.com\\\/wp-content\\\/uploads\\\/2021\\\/07\\\/marca-juliana.png\",\"width\":909,\"height\":907,\"caption\":\"Juliana, Vistiendo Beb\u00e9s\"},\"image\":{\"@id\":\"https:\\\/\\\/vistiendobebes.com\\\/pt-pt\\\/#\\\/schema\\\/logo\\\/image\\\/\"},\"sameAs\":[\"https:\\\/\\\/www.facebook.com\\\/julianavistiendobebes\",\"https:\\\/\\\/www.instagram.com\\\/julianavistiendobebes\\\/\",\"https:\\\/\\\/www.youtube.com\\\/channel\\\/UCHaSPwnyKbcQ1Ppzf2roteA\"]},{\"@type\":\"Person\",\"@id\":\"https:\\\/\\\/vistiendobebes.com\\\/pt-pt\\\/#\\\/schema\\\/person\\\/76b9ff2be80bf0f4f9b7d41be6884e5c\",\"name\":\"Joaquin\",\"image\":{\"@type\":\"ImageObject\",\"inLanguage\":\"pt-PT\",\"@id\":\"https:\\\/\\\/secure.gravatar.com\\\/avatar\\\/8e28c816cd54ef531c1ecd2be4389ad63c838376f221db13621a179ef5cf57a0?s=96&d=mm&r=g\",\"url\":\"https:\\\/\\\/secure.gravatar.com\\\/avatar\\\/8e28c816cd54ef531c1ecd2be4389ad63c838376f221db13621a179ef5cf57a0?s=96&d=mm&r=g\",\"contentUrl\":\"https:\\\/\\\/secure.gravatar.com\\\/avatar\\\/8e28c816cd54ef531c1ecd2be4389ad63c838376f221db13621a179ef5cf57a0?s=96&d=mm&r=g\",\"caption\":\"Joaquin\"}}]}<\/script>\n<!-- \/ Yoast SEO plugin. -->","yoast_head_json":{"title":"Jardineiras de malha encantadoras para beb\u00e9s - Juliana Vistiendo Beb\u00e9s","description":"Descubra a nossa cole\u00e7\u00e3o de jardineiras em malha para beb\u00e9, essa pe\u00e7a pr\u00e1tica e confort\u00e1vel para os mais pequenos que n\u00e3o pode ser esquecida.","robots":{"index":"index","follow":"follow","max-snippet":"max-snippet:-1","max-image-preview":"max-image-preview:large","max-video-preview":"max-video-preview:-1"},"canonical":"https:\/\/vistiendobebes.com\/pt-pt\/jardineiras-de-malha-encantadoras-para-bebes\/","og_locale":"pt_PT","og_type":"article","og_title":"Jardineiras de malha encantadoras para beb\u00e9s - Juliana Vistiendo Beb\u00e9s","og_description":"Descubra a nossa cole\u00e7\u00e3o de jardineiras em malha para beb\u00e9, essa pe\u00e7a pr\u00e1tica e confort\u00e1vel para os mais pequenos que n\u00e3o pode ser esquecida.","og_url":"https:\/\/vistiendobebes.com\/pt-pt\/jardineiras-de-malha-encantadoras-para-bebes\/","og_site_name":"Juliana Vistiendo Beb\u00e9s","article_publisher":"https:\/\/www.facebook.com\/julianavistiendobebes","article_published_time":"2023-05-17T08:01:50+00:00","article_modified_time":"2023-06-20T11:42:51+00:00","og_image":[{"width":1120,"height":550,"url":"https:\/\/vistiendobebes.com\/wp-content\/uploads\/2023\/05\/Moda-espanola-para-bebes-3.png","type":"image\/png"}],"author":"Joaquin","twitter_card":"summary_large_image","twitter_misc":{"Escrito por":"Joaquin","Tempo estimado de leitura":"4 minutos"},"schema":{"@context":"https:\/\/schema.org","@graph":[{"@type":"Article","@id":"https:\/\/vistiendobebes.com\/pt-pt\/jardineiras-de-malha-encantadoras-para-bebes\/#article","isPartOf":{"@id":"https:\/\/vistiendobebes.com\/pt-pt\/jardineiras-de-malha-encantadoras-para-bebes\/"},"author":{"name":"Joaquin","@id":"https:\/\/vistiendobebes.com\/pt-pt\/#\/schema\/person\/76b9ff2be80bf0f4f9b7d41be6884e5c"},"headline":"Jardineiras de malha encantadoras para beb\u00e9s","datePublished":"2023-05-17T08:01:50+00:00","dateModified":"2023-06-20T11:42:51+00:00","mainEntityOfPage":{"@id":"https:\/\/vistiendobebes.com\/pt-pt\/jardineiras-de-malha-encantadoras-para-bebes\/"},"wordCount":790,"publisher":{"@id":"https:\/\/vistiendobebes.com\/pt-pt\/#organization"},"image":{"@id":"https:\/\/vistiendobebes.com\/pt-pt\/jardineiras-de-malha-encantadoras-para-bebes\/#primaryimage"},"thumbnailUrl":"https:\/\/vistiendobebes.com\/wp-content\/uploads\/2023\/05\/Moda-espanola-para-bebes-3.png","articleSection":["Moda infantil"],"inLanguage":"pt-PT"},{"@type":"WebPage","@id":"https:\/\/vistiendobebes.com\/pt-pt\/jardineiras-de-malha-encantadoras-para-bebes\/","url":"https:\/\/vistiendobebes.com\/pt-pt\/jardineiras-de-malha-encantadoras-para-bebes\/","name":"Jardineiras de malha encantadoras para beb\u00e9s - Juliana Vistiendo Beb\u00e9s","isPartOf":{"@id":"https:\/\/vistiendobebes.com\/pt-pt\/#website"},"primaryImageOfPage":{"@id":"https:\/\/vistiendobebes.com\/pt-pt\/jardineiras-de-malha-encantadoras-para-bebes\/#primaryimage"},"image":{"@id":"https:\/\/vistiendobebes.com\/pt-pt\/jardineiras-de-malha-encantadoras-para-bebes\/#primaryimage"},"thumbnailUrl":"https:\/\/vistiendobebes.com\/wp-content\/uploads\/2023\/05\/Moda-espanola-para-bebes-3.png","datePublished":"2023-05-17T08:01:50+00:00","dateModified":"2023-06-20T11:42:51+00:00","description":"Descubra a nossa cole\u00e7\u00e3o de jardineiras em malha para beb\u00e9, essa pe\u00e7a pr\u00e1tica e confort\u00e1vel para os mais pequenos que n\u00e3o pode ser esquecida.","breadcrumb":{"@id":"https:\/\/vistiendobebes.com\/pt-pt\/jardineiras-de-malha-encantadoras-para-bebes\/#breadcrumb"},"inLanguage":"pt-PT","potentialAction":[{"@type":"ReadAction","target":["https:\/\/vistiendobebes.com\/pt-pt\/jardineiras-de-malha-encantadoras-para-bebes\/"]}]},{"@type":"ImageObject","inLanguage":"pt-PT","@id":"https:\/\/vistiendobebes.com\/pt-pt\/jardineiras-de-malha-encantadoras-para-bebes\/#primaryimage","url":"https:\/\/vistiendobebes.com\/wp-content\/uploads\/2023\/05\/Moda-espanola-para-bebes-3.png","contentUrl":"https:\/\/vistiendobebes.com\/wp-content\/uploads\/2023\/05\/Moda-espanola-para-bebes-3.png","width":1120,"height":550,"caption":"Jardineiras para beb\u00e9"},{"@type":"BreadcrumbList","@id":"https:\/\/vistiendobebes.com\/pt-pt\/jardineiras-de-malha-encantadoras-para-bebes\/#breadcrumb","itemListElement":[{"@type":"ListItem","position":1,"name":"Portada","item":"https:\/\/vistiendobebes.com\/pt-pt\/"},{"@type":"ListItem","position":2,"name":"Jardineiras de malha encantadoras para beb\u00e9s"}]},{"@type":"WebSite","@id":"https:\/\/vistiendobebes.com\/pt-pt\/#website","url":"https:\/\/vistiendobebes.com\/pt-pt\/","name":"Juliana Vistiendo Beb\u00e9s","description":"Marca de moda infantil","publisher":{"@id":"https:\/\/vistiendobebes.com\/pt-pt\/#organization"},"potentialAction":[{"@type":"SearchAction","target":{"@type":"EntryPoint","urlTemplate":"https:\/\/vistiendobebes.com\/pt-pt\/?s={search_term_string}"},"query-input":{"@type":"PropertyValueSpecification","valueRequired":true,"valueName":"search_term_string"}}],"inLanguage":"pt-PT"},{"@type":"Organization","@id":"https:\/\/vistiendobebes.com\/pt-pt\/#organization","name":"Juliana, Vistiendo Beb\u00e9s","url":"https:\/\/vistiendobebes.com\/pt-pt\/","logo":{"@type":"ImageObject","inLanguage":"pt-PT","@id":"https:\/\/vistiendobebes.com\/pt-pt\/#\/schema\/logo\/image\/","url":"https:\/\/vistiendobebes.com\/wp-content\/uploads\/2021\/07\/marca-juliana.png","contentUrl":"https:\/\/vistiendobebes.com\/wp-content\/uploads\/2021\/07\/marca-juliana.png","width":909,"height":907,"caption":"Juliana, Vistiendo Beb\u00e9s"},"image":{"@id":"https:\/\/vistiendobebes.com\/pt-pt\/#\/schema\/logo\/image\/"},"sameAs":["https:\/\/www.facebook.com\/julianavistiendobebes","https:\/\/www.instagram.com\/julianavistiendobebes\/","https:\/\/www.youtube.com\/channel\/UCHaSPwnyKbcQ1Ppzf2roteA"]},{"@type":"Person","@id":"https:\/\/vistiendobebes.com\/pt-pt\/#\/schema\/person\/76b9ff2be80bf0f4f9b7d41be6884e5c","name":"Joaquin","image":{"@type":"ImageObject","inLanguage":"pt-PT","@id":"https:\/\/secure.gravatar.com\/avatar\/8e28c816cd54ef531c1ecd2be4389ad63c838376f221db13621a179ef5cf57a0?s=96&d=mm&r=g","url":"https:\/\/secure.gravatar.com\/avatar\/8e28c816cd54ef531c1ecd2be4389ad63c838376f221db13621a179ef5cf57a0?s=96&d=mm&r=g","contentUrl":"https:\/\/secure.gravatar.com\/avatar\/8e28c816cd54ef531c1ecd2be4389ad63c838376f221db13621a179ef5cf57a0?s=96&d=mm&r=g","caption":"Joaquin"}}]}},"_links":{"self":[{"href":"https:\/\/vistiendobebes.com\/pt-pt\/wp-json\/wp\/v2\/posts\/34175","targetHints":{"allow":["GET"]}}],"collection":[{"href":"https:\/\/vistiendobebes.com\/pt-pt\/wp-json\/wp\/v2\/posts"}],"about":[{"href":"https:\/\/vistiendobebes.com\/pt-pt\/wp-json\/wp\/v2\/types\/post"}],"author":[{"embeddable":true,"href":"https:\/\/vistiendobebes.com\/pt-pt\/wp-json\/wp\/v2\/users\/2"}],"replies":[{"embeddable":true,"href":"https:\/\/vistiendobebes.com\/pt-pt\/wp-json\/wp\/v2\/comments?post=34175"}],"version-history":[{"count":0,"href":"https:\/\/vistiendobebes.com\/pt-pt\/wp-json\/wp\/v2\/posts\/34175\/revisions"}],"wp:featuredmedia":[{"embeddable":true,"href":"https:\/\/vistiendobebes.com\/pt-pt\/wp-json\/wp\/v2\/media\/34176"}],"wp:attachment":[{"href":"https:\/\/vistiendobebes.com\/pt-pt\/wp-json\/wp\/v2\/media?parent=34175"}],"wp:term":[{"taxonomy":"category","embeddable":true,"href":"https:\/\/vistiendobebes.com\/pt-pt\/wp-json\/wp\/v2\/categories?post=34175"},{"taxonomy":"post_tag","embeddable":true,"href":"https:\/\/vistiendobebes.com\/pt-pt\/wp-json\/wp\/v2\/tags?post=34175"}],"curies":[{"name":"wp","href":"https:\/\/api.w.org\/{rel}","templated":true}]}}