{"id":67634,"date":"2024-11-05T17:51:12","date_gmt":"2024-11-05T16:51:12","guid":{"rendered":"https:\/\/vistiendobebes.com\/collezioni-invernali-di-moda-per-bambini\/"},"modified":"2025-01-31T16:17:40","modified_gmt":"2025-01-31T15:17:40","slug":"collezioni-invernali-di-moda-per-bambini","status":"publish","type":"post","link":"https:\/\/vistiendobebes.com\/it\/collezioni-invernali-di-moda-per-bambini\/","title":{"rendered":"Collezioni invernali di moda per bambini"},"content":{"rendered":"<div class=\"wpb-content-wrapper\"><p>[vc_row][vc_column][vc_column_text css=&#8221;&#8221; woodmart_inline=&#8221;no&#8221; text_larger=&#8221;no&#8221;]<\/p>\n<p><strong>Juliana<\/strong> presenta ogni stagione una selezione di collezioni invernali di moda per bambini che catturano l&#8217;essenza dell&#8217;infanzia con uno stile senza tempo e una sartoria di alta qualit\u00e0.<!--more--><\/p>\n<p data-pm-slice=\"1 1 []\">Ogni stagione, la moda per bambini <strong>di Juliana<\/strong> offre collezioni ricche di fascino, pensate per avvolgere i pi\u00f9 piccoli con calore e stile. Oggi ti segnaliamo le collezioni <strong>Arco\u00edris<\/strong> e <strong>Candelas<\/strong>, due linee che riflettono l&#8217;impegno del marchio nel creare capi che combinano comfort, morbidezza e design vivace. Perfette per neonati e bambini, queste collezioni sono la scelta ideale per i mesi invernali.<\/p>\n<div>\n<h2 data-pm-slice=\"1 1 []\">Collezioni invernali di moda per bambini: ArcoIris<\/h2>\n<p>La <strong>collezione Arcoiris<\/strong> \u00e8 pensata per dare un tocco di colore e allegria alle giornate fredde. Lavorata a maglia e disponibile per bambini da 0 a 12 mesi, questa linea si distingue per i suoi toni blu nuvola, marrone e bianco e per i suoi dettagli delicati. I capi includono <strong>set di leggings, tutine e giacche<\/strong>, tutti progettati per offrire comfort e libert\u00e0 di movimento ai pi\u00f9 piccoli.<\/p>\n<p>L&#8217;uso del tessuto a maglia nella <strong>collezione Arcoiris<\/strong> garantisce una consistenza morbida che si prende cura della pelle sensibile dei bambini. I suoi colori evocano la tranquillit\u00e0 di un cielo limpido e donano un tocco di freschezza e modernit\u00e0 al guardaroba dei bambini. Questa collezione \u00e8 perfetta per le mamme che vogliono vestire i loro bambini con capi caldi ed eleganti che riflettono l&#8217;innocenza dell&#8217;infanzia.<\/p>\n<p>Scopri di pi\u00f9 sulla collezione <b>ArcoIris <\/b>qui: <a href=\"https:\/\/vistiendobebes.com\/it\/portfolio\/collezione-arcoiris\/\">Collezione Arcoiris<\/a>.<\/p>\n<\/div>\n<p>[\/vc_column_text][vc_gallery type=&#8221;image_grid&#8221; images=&#8221;73375,73367,73363&#8243; img_size=&#8221;medium&#8221; css=&#8221;&#8221;][\/vc_column][\/vc_row][vc_row][vc_column][vc_column_text css=&#8221;&#8221; woodmart_inline=&#8221;no&#8221; text_larger=&#8221;no&#8221;]<\/p>\n<div>\n<p>&nbsp;<\/p>\n<h2><strong>Collezione Candelas: calore con un tocco classico<\/strong><\/h2>\n<p>La <strong>collezione Candelas<\/strong> \u00e8 ideale per neonati e bambini fino a 4 anni e si ispira all&#8217;eleganza dei toni neutri e dei dettagli classici. Realizzata con tessuti a maglia e disponibile nelle morbide tonalit\u00e0 del bianco e del crema, questa collezione offre una variet\u00e0 di <strong>leggings, giacche e coperte<\/strong> che avvolgono i pi\u00f9 piccoli in un accogliente abbraccio durante l&#8217;inverno.<\/p>\n<p>Ogni capo <strong>Candelas<\/strong> \u00e8 stato realizzato con cura per garantire comfort e stile. I tessuti morbidi permettono ai bambini di muoversi liberamente e di godersi ogni momento, sia a casa che in un&#8217;occasione speciale. Questa linea \u00e8 ideale per aggiungere un tocco di calore e raffinatezza alle giornate pi\u00f9 fredde dell&#8217;anno.<\/p>\n<p>Scopri di pi\u00f9 sulla collezione <strong>Candelas<\/strong> qui: <a href=\"https:\/\/vistiendobebes.com\/it\/portfolio\/collezione-candelas\/\" target=\"_new\" rel=\"noopener\">Collezione Candelas<\/a>.<\/p>\n<h3>I vantaggi del tessuto Punto nella moda bambino<\/h3>\n<p>Il tessuto a maglia \u00e8 perfetto per i capi di abbigliamento per neonati e bambini grazie alla sua morbidezza e flessibilit\u00e0. Questo materiale \u00e8 traspirante e permette di mantenere una temperatura adeguata, garantendo ai pi\u00f9 piccoli comfort e calore. Sia <strong>Arco\u00edris<\/strong> che <strong>Candelas<\/strong> sono stati realizzati con questo tessuto, evidenziando la qualit\u00e0 che caratterizza <strong>Juliana<\/strong>.<\/p>\n<h3>Trova le collezioni presso i nostri negozi distributori<\/h3>\n<p>Juliana collabora con una rete di distributori che mettono a tua disposizione queste collezioni. Visita il negozio pi\u00f9 vicino a te per scoprire <strong>Arco\u00edris<\/strong>, <strong>Alegr\u00eda<\/strong> e le altre proposte della stagione. Approfitta di una consulenza personalizzata e scopri perch\u00e9 la moda per bambini <strong>Juliana<\/strong> \u00e8 sinonimo di qualit\u00e0 e stile.<\/p>\n<p>L<span style=\"font-size: revert; color: var(--wd-text-color); font-family: var(--wd-text-font); font-style: var(--wd-text-font-style); font-weight: var(--wd-text-font-weight);\">as colecciones <\/span><strong style=\"font-size: revert; color: var(--wd-text-color); font-family: var(--wd-text-font); font-style: var(--wd-text-font-style);\">Arco\u00edris<\/strong><span style=\"font-size: revert; color: var(--wd-text-color); font-family: var(--wd-text-font); font-style: var(--wd-text-font-style); font-weight: var(--wd-text-font-weight);\"> y <\/span><strong style=\"font-size: revert; color: var(--wd-text-color); font-family: var(--wd-text-font); font-style: var(--wd-text-font-style);\">Candelas<\/strong><span style=\"font-size: revert; color: var(--wd-text-color); font-family: var(--wd-text-font); font-style: var(--wd-text-font-style); font-weight: var(--wd-text-font-weight);\"> son un reflejo de la dedicaci\u00f3n de <\/span><strong style=\"font-size: revert; color: var(--wd-text-color); font-family: var(--wd-text-font); font-style: var(--wd-text-font-style);\">Juliana<\/strong><span style=\"font-size: revert; color: var(--wd-text-color); font-family: var(--wd-text-font); font-style: var(--wd-text-font-style); font-weight: var(--wd-text-font-weight);\"> para vestir a los m\u00e1s peque\u00f1os con prendas que combinan estilo, comodidad y elegancia. Con colores que evocan la frescura y la energ\u00eda de la temporada, estas l\u00edneas son la elecci\u00f3n perfecta para el invierno. \u00a1Desc\u00fabrelas y viste a tu beb\u00e9 con lo mejor de la moda infantil!<\/span><\/p>\n<\/div>\n\n\n<p>&nbsp;<\/p>\n<p>[\/vc_column_text][vc_gallery type=&#8221;image_grid&#8221; images=&#8221;73383,73379,73371&#8243; img_size=&#8221;medium&#8221; css=&#8221;&#8221;][\/vc_column][\/vc_row]<\/p>\n<\/div>","protected":false},"excerpt":{"rendered":"<p>[vc_row][vc_column][vc_column_text css=&#8221;&#8221; woodmart_inline=&#8221;no&#8221; text_larger=&#8221;no&#8221;] Juliana presenta ogni stagione una selezione di collezioni invernali di moda per bambini che catturano l&#8217;essenza<\/p>\n","protected":false},"author":2,"featured_media":67643,"comment_status":"closed","ping_status":"open","sticky":false,"template":"","format":"standard","meta":{"footnotes":""},"categories":[422],"tags":[],"class_list":["post-67634","post","type-post","status-publish","format-standard","has-post-thumbnail","hentry","category-moda-per-bambini"],"yoast_head":"<!-- This site is optimized with the Yoast SEO plugin v27.5 - https:\/\/yoast.com\/product\/yoast-seo-wordpress\/ -->\n<title>Collezioni invernali di moda per bambini - Juliana Vistiendo Beb\u00e9s<\/title>\n<meta name=\"description\" content=\"Scopri le Collezioni invernali di moda per bambini Arco\u00edris e Candelas de Juliana per l&#039;inverno, due proposte ricche di colore e comfort.\" \/>\n<meta name=\"robots\" content=\"index, follow, max-snippet:-1, max-image-preview:large, max-video-preview:-1\" \/>\n<link rel=\"canonical\" href=\"https:\/\/vistiendobebes.com\/it\/collezioni-invernali-di-moda-per-bambini\/\" \/>\n<meta property=\"og:locale\" content=\"it_IT\" \/>\n<meta property=\"og:type\" content=\"article\" \/>\n<meta property=\"og:title\" content=\"Collezioni invernali di moda per bambini - Juliana Vistiendo Beb\u00e9s\" \/>\n<meta property=\"og:description\" content=\"Scopri le Collezioni invernali di moda per bambini Arco\u00edris e Candelas de Juliana per l&#039;inverno, due proposte ricche di colore e comfort.\" \/>\n<meta property=\"og:url\" content=\"https:\/\/vistiendobebes.com\/it\/collezioni-invernali-di-moda-per-bambini\/\" \/>\n<meta property=\"og:site_name\" content=\"Juliana Vistiendo Beb\u00e9s\" \/>\n<meta property=\"article:publisher\" content=\"https:\/\/www.facebook.com\/julianavistiendobebes\" \/>\n<meta property=\"article:published_time\" content=\"2024-11-05T16:51:12+00:00\" \/>\n<meta property=\"article:modified_time\" content=\"2025-01-31T15:17:40+00:00\" \/>\n<meta property=\"og:image\" content=\"https:\/\/vistiendobebes.com\/wp-content\/uploads\/2024\/11\/Collezioni-invernali-di-moda-per-bambini.png\" \/>\n\t<meta property=\"og:image:width\" content=\"1120\" \/>\n\t<meta property=\"og:image:height\" content=\"550\" \/>\n\t<meta property=\"og:image:type\" content=\"image\/png\" \/>\n<meta name=\"author\" content=\"Joaquin\" \/>\n<meta name=\"twitter:card\" content=\"summary_large_image\" \/>\n<meta name=\"twitter:label1\" content=\"Scritto da\" \/>\n\t<meta name=\"twitter:data1\" content=\"Joaquin\" \/>\n\t<meta name=\"twitter:label2\" content=\"Tempo di lettura stimato\" \/>\n\t<meta name=\"twitter:data2\" content=\"3 minuti\" \/>\n<script type=\"application\/ld+json\" class=\"yoast-schema-graph\">{\"@context\":\"https:\\\/\\\/schema.org\",\"@graph\":[{\"@type\":\"Article\",\"@id\":\"https:\\\/\\\/vistiendobebes.com\\\/it\\\/collezioni-invernali-di-moda-per-bambini\\\/#article\",\"isPartOf\":{\"@id\":\"https:\\\/\\\/vistiendobebes.com\\\/it\\\/collezioni-invernali-di-moda-per-bambini\\\/\"},\"author\":{\"name\":\"Joaquin\",\"@id\":\"https:\\\/\\\/vistiendobebes.com\\\/it\\\/#\\\/schema\\\/person\\\/76b9ff2be80bf0f4f9b7d41be6884e5c\"},\"headline\":\"Collezioni invernali di moda per bambini\",\"datePublished\":\"2024-11-05T16:51:12+00:00\",\"dateModified\":\"2025-01-31T15:17:40+00:00\",\"mainEntityOfPage\":{\"@id\":\"https:\\\/\\\/vistiendobebes.com\\\/it\\\/collezioni-invernali-di-moda-per-bambini\\\/\"},\"wordCount\":630,\"publisher\":{\"@id\":\"https:\\\/\\\/vistiendobebes.com\\\/it\\\/#organization\"},\"image\":{\"@id\":\"https:\\\/\\\/vistiendobebes.com\\\/it\\\/collezioni-invernali-di-moda-per-bambini\\\/#primaryimage\"},\"thumbnailUrl\":\"https:\\\/\\\/vistiendobebes.com\\\/wp-content\\\/uploads\\\/2024\\\/11\\\/Collezioni-invernali-di-moda-per-bambini.png\",\"articleSection\":[\"moda per bambini\"],\"inLanguage\":\"it-IT\"},{\"@type\":\"WebPage\",\"@id\":\"https:\\\/\\\/vistiendobebes.com\\\/it\\\/collezioni-invernali-di-moda-per-bambini\\\/\",\"url\":\"https:\\\/\\\/vistiendobebes.com\\\/it\\\/collezioni-invernali-di-moda-per-bambini\\\/\",\"name\":\"Collezioni invernali di moda per bambini - Juliana Vistiendo Beb\u00e9s\",\"isPartOf\":{\"@id\":\"https:\\\/\\\/vistiendobebes.com\\\/it\\\/#website\"},\"primaryImageOfPage\":{\"@id\":\"https:\\\/\\\/vistiendobebes.com\\\/it\\\/collezioni-invernali-di-moda-per-bambini\\\/#primaryimage\"},\"image\":{\"@id\":\"https:\\\/\\\/vistiendobebes.com\\\/it\\\/collezioni-invernali-di-moda-per-bambini\\\/#primaryimage\"},\"thumbnailUrl\":\"https:\\\/\\\/vistiendobebes.com\\\/wp-content\\\/uploads\\\/2024\\\/11\\\/Collezioni-invernali-di-moda-per-bambini.png\",\"datePublished\":\"2024-11-05T16:51:12+00:00\",\"dateModified\":\"2025-01-31T15:17:40+00:00\",\"description\":\"Scopri le Collezioni invernali di moda per bambini Arco\u00edris e Candelas de Juliana per l'inverno, due proposte ricche di colore e comfort.\",\"breadcrumb\":{\"@id\":\"https:\\\/\\\/vistiendobebes.com\\\/it\\\/collezioni-invernali-di-moda-per-bambini\\\/#breadcrumb\"},\"inLanguage\":\"it-IT\",\"potentialAction\":[{\"@type\":\"ReadAction\",\"target\":[\"https:\\\/\\\/vistiendobebes.com\\\/it\\\/collezioni-invernali-di-moda-per-bambini\\\/\"]}]},{\"@type\":\"ImageObject\",\"inLanguage\":\"it-IT\",\"@id\":\"https:\\\/\\\/vistiendobebes.com\\\/it\\\/collezioni-invernali-di-moda-per-bambini\\\/#primaryimage\",\"url\":\"https:\\\/\\\/vistiendobebes.com\\\/wp-content\\\/uploads\\\/2024\\\/11\\\/Collezioni-invernali-di-moda-per-bambini.png\",\"contentUrl\":\"https:\\\/\\\/vistiendobebes.com\\\/wp-content\\\/uploads\\\/2024\\\/11\\\/Collezioni-invernali-di-moda-per-bambini.png\",\"width\":1120,\"height\":550,\"caption\":\"Collezioni invernali di moda per bambini\"},{\"@type\":\"BreadcrumbList\",\"@id\":\"https:\\\/\\\/vistiendobebes.com\\\/it\\\/collezioni-invernali-di-moda-per-bambini\\\/#breadcrumb\",\"itemListElement\":[{\"@type\":\"ListItem\",\"position\":1,\"name\":\"Portada\",\"item\":\"https:\\\/\\\/vistiendobebes.com\\\/it\\\/\"},{\"@type\":\"ListItem\",\"position\":2,\"name\":\"Collezioni invernali di moda per bambini\"}]},{\"@type\":\"WebSite\",\"@id\":\"https:\\\/\\\/vistiendobebes.com\\\/it\\\/#website\",\"url\":\"https:\\\/\\\/vistiendobebes.com\\\/it\\\/\",\"name\":\"Juliana Vistiendo Beb\u00e9s\",\"description\":\"Marca de moda infantil\",\"publisher\":{\"@id\":\"https:\\\/\\\/vistiendobebes.com\\\/it\\\/#organization\"},\"potentialAction\":[{\"@type\":\"SearchAction\",\"target\":{\"@type\":\"EntryPoint\",\"urlTemplate\":\"https:\\\/\\\/vistiendobebes.com\\\/it\\\/?s={search_term_string}\"},\"query-input\":{\"@type\":\"PropertyValueSpecification\",\"valueRequired\":true,\"valueName\":\"search_term_string\"}}],\"inLanguage\":\"it-IT\"},{\"@type\":\"Organization\",\"@id\":\"https:\\\/\\\/vistiendobebes.com\\\/it\\\/#organization\",\"name\":\"Juliana, Vistiendo Beb\u00e9s\",\"url\":\"https:\\\/\\\/vistiendobebes.com\\\/it\\\/\",\"logo\":{\"@type\":\"ImageObject\",\"inLanguage\":\"it-IT\",\"@id\":\"https:\\\/\\\/vistiendobebes.com\\\/it\\\/#\\\/schema\\\/logo\\\/image\\\/\",\"url\":\"https:\\\/\\\/vistiendobebes.com\\\/wp-content\\\/uploads\\\/2021\\\/07\\\/marca-juliana.png\",\"contentUrl\":\"https:\\\/\\\/vistiendobebes.com\\\/wp-content\\\/uploads\\\/2021\\\/07\\\/marca-juliana.png\",\"width\":909,\"height\":907,\"caption\":\"Juliana, Vistiendo Beb\u00e9s\"},\"image\":{\"@id\":\"https:\\\/\\\/vistiendobebes.com\\\/it\\\/#\\\/schema\\\/logo\\\/image\\\/\"},\"sameAs\":[\"https:\\\/\\\/www.facebook.com\\\/julianavistiendobebes\",\"https:\\\/\\\/www.instagram.com\\\/julianavistiendobebes\\\/\",\"https:\\\/\\\/www.youtube.com\\\/channel\\\/UCHaSPwnyKbcQ1Ppzf2roteA\"]},{\"@type\":\"Person\",\"@id\":\"https:\\\/\\\/vistiendobebes.com\\\/it\\\/#\\\/schema\\\/person\\\/76b9ff2be80bf0f4f9b7d41be6884e5c\",\"name\":\"Joaquin\",\"image\":{\"@type\":\"ImageObject\",\"inLanguage\":\"it-IT\",\"@id\":\"https:\\\/\\\/secure.gravatar.com\\\/avatar\\\/8e28c816cd54ef531c1ecd2be4389ad63c838376f221db13621a179ef5cf57a0?s=96&d=mm&r=g\",\"url\":\"https:\\\/\\\/secure.gravatar.com\\\/avatar\\\/8e28c816cd54ef531c1ecd2be4389ad63c838376f221db13621a179ef5cf57a0?s=96&d=mm&r=g\",\"contentUrl\":\"https:\\\/\\\/secure.gravatar.com\\\/avatar\\\/8e28c816cd54ef531c1ecd2be4389ad63c838376f221db13621a179ef5cf57a0?s=96&d=mm&r=g\",\"caption\":\"Joaquin\"}}]}<\/script>\n<!-- \/ Yoast SEO plugin. -->","yoast_head_json":{"title":"Collezioni invernali di moda per bambini - Juliana Vistiendo Beb\u00e9s","description":"Scopri le Collezioni invernali di moda per bambini Arco\u00edris e Candelas de Juliana per l'inverno, due proposte ricche di colore e comfort.","robots":{"index":"index","follow":"follow","max-snippet":"max-snippet:-1","max-image-preview":"max-image-preview:large","max-video-preview":"max-video-preview:-1"},"canonical":"https:\/\/vistiendobebes.com\/it\/collezioni-invernali-di-moda-per-bambini\/","og_locale":"it_IT","og_type":"article","og_title":"Collezioni invernali di moda per bambini - Juliana Vistiendo Beb\u00e9s","og_description":"Scopri le Collezioni invernali di moda per bambini Arco\u00edris e Candelas de Juliana per l'inverno, due proposte ricche di colore e comfort.","og_url":"https:\/\/vistiendobebes.com\/it\/collezioni-invernali-di-moda-per-bambini\/","og_site_name":"Juliana Vistiendo Beb\u00e9s","article_publisher":"https:\/\/www.facebook.com\/julianavistiendobebes","article_published_time":"2024-11-05T16:51:12+00:00","article_modified_time":"2025-01-31T15:17:40+00:00","og_image":[{"width":1120,"height":550,"url":"https:\/\/vistiendobebes.com\/wp-content\/uploads\/2024\/11\/Collezioni-invernali-di-moda-per-bambini.png","type":"image\/png"}],"author":"Joaquin","twitter_card":"summary_large_image","twitter_misc":{"Scritto da":"Joaquin","Tempo di lettura stimato":"3 minuti"},"schema":{"@context":"https:\/\/schema.org","@graph":[{"@type":"Article","@id":"https:\/\/vistiendobebes.com\/it\/collezioni-invernali-di-moda-per-bambini\/#article","isPartOf":{"@id":"https:\/\/vistiendobebes.com\/it\/collezioni-invernali-di-moda-per-bambini\/"},"author":{"name":"Joaquin","@id":"https:\/\/vistiendobebes.com\/it\/#\/schema\/person\/76b9ff2be80bf0f4f9b7d41be6884e5c"},"headline":"Collezioni invernali di moda per bambini","datePublished":"2024-11-05T16:51:12+00:00","dateModified":"2025-01-31T15:17:40+00:00","mainEntityOfPage":{"@id":"https:\/\/vistiendobebes.com\/it\/collezioni-invernali-di-moda-per-bambini\/"},"wordCount":630,"publisher":{"@id":"https:\/\/vistiendobebes.com\/it\/#organization"},"image":{"@id":"https:\/\/vistiendobebes.com\/it\/collezioni-invernali-di-moda-per-bambini\/#primaryimage"},"thumbnailUrl":"https:\/\/vistiendobebes.com\/wp-content\/uploads\/2024\/11\/Collezioni-invernali-di-moda-per-bambini.png","articleSection":["moda per bambini"],"inLanguage":"it-IT"},{"@type":"WebPage","@id":"https:\/\/vistiendobebes.com\/it\/collezioni-invernali-di-moda-per-bambini\/","url":"https:\/\/vistiendobebes.com\/it\/collezioni-invernali-di-moda-per-bambini\/","name":"Collezioni invernali di moda per bambini - Juliana Vistiendo Beb\u00e9s","isPartOf":{"@id":"https:\/\/vistiendobebes.com\/it\/#website"},"primaryImageOfPage":{"@id":"https:\/\/vistiendobebes.com\/it\/collezioni-invernali-di-moda-per-bambini\/#primaryimage"},"image":{"@id":"https:\/\/vistiendobebes.com\/it\/collezioni-invernali-di-moda-per-bambini\/#primaryimage"},"thumbnailUrl":"https:\/\/vistiendobebes.com\/wp-content\/uploads\/2024\/11\/Collezioni-invernali-di-moda-per-bambini.png","datePublished":"2024-11-05T16:51:12+00:00","dateModified":"2025-01-31T15:17:40+00:00","description":"Scopri le Collezioni invernali di moda per bambini Arco\u00edris e Candelas de Juliana per l'inverno, due proposte ricche di colore e comfort.","breadcrumb":{"@id":"https:\/\/vistiendobebes.com\/it\/collezioni-invernali-di-moda-per-bambini\/#breadcrumb"},"inLanguage":"it-IT","potentialAction":[{"@type":"ReadAction","target":["https:\/\/vistiendobebes.com\/it\/collezioni-invernali-di-moda-per-bambini\/"]}]},{"@type":"ImageObject","inLanguage":"it-IT","@id":"https:\/\/vistiendobebes.com\/it\/collezioni-invernali-di-moda-per-bambini\/#primaryimage","url":"https:\/\/vistiendobebes.com\/wp-content\/uploads\/2024\/11\/Collezioni-invernali-di-moda-per-bambini.png","contentUrl":"https:\/\/vistiendobebes.com\/wp-content\/uploads\/2024\/11\/Collezioni-invernali-di-moda-per-bambini.png","width":1120,"height":550,"caption":"Collezioni invernali di moda per bambini"},{"@type":"BreadcrumbList","@id":"https:\/\/vistiendobebes.com\/it\/collezioni-invernali-di-moda-per-bambini\/#breadcrumb","itemListElement":[{"@type":"ListItem","position":1,"name":"Portada","item":"https:\/\/vistiendobebes.com\/it\/"},{"@type":"ListItem","position":2,"name":"Collezioni invernali di moda per bambini"}]},{"@type":"WebSite","@id":"https:\/\/vistiendobebes.com\/it\/#website","url":"https:\/\/vistiendobebes.com\/it\/","name":"Juliana Vistiendo Beb\u00e9s","description":"Marca de moda infantil","publisher":{"@id":"https:\/\/vistiendobebes.com\/it\/#organization"},"potentialAction":[{"@type":"SearchAction","target":{"@type":"EntryPoint","urlTemplate":"https:\/\/vistiendobebes.com\/it\/?s={search_term_string}"},"query-input":{"@type":"PropertyValueSpecification","valueRequired":true,"valueName":"search_term_string"}}],"inLanguage":"it-IT"},{"@type":"Organization","@id":"https:\/\/vistiendobebes.com\/it\/#organization","name":"Juliana, Vistiendo Beb\u00e9s","url":"https:\/\/vistiendobebes.com\/it\/","logo":{"@type":"ImageObject","inLanguage":"it-IT","@id":"https:\/\/vistiendobebes.com\/it\/#\/schema\/logo\/image\/","url":"https:\/\/vistiendobebes.com\/wp-content\/uploads\/2021\/07\/marca-juliana.png","contentUrl":"https:\/\/vistiendobebes.com\/wp-content\/uploads\/2021\/07\/marca-juliana.png","width":909,"height":907,"caption":"Juliana, Vistiendo Beb\u00e9s"},"image":{"@id":"https:\/\/vistiendobebes.com\/it\/#\/schema\/logo\/image\/"},"sameAs":["https:\/\/www.facebook.com\/julianavistiendobebes","https:\/\/www.instagram.com\/julianavistiendobebes\/","https:\/\/www.youtube.com\/channel\/UCHaSPwnyKbcQ1Ppzf2roteA"]},{"@type":"Person","@id":"https:\/\/vistiendobebes.com\/it\/#\/schema\/person\/76b9ff2be80bf0f4f9b7d41be6884e5c","name":"Joaquin","image":{"@type":"ImageObject","inLanguage":"it-IT","@id":"https:\/\/secure.gravatar.com\/avatar\/8e28c816cd54ef531c1ecd2be4389ad63c838376f221db13621a179ef5cf57a0?s=96&d=mm&r=g","url":"https:\/\/secure.gravatar.com\/avatar\/8e28c816cd54ef531c1ecd2be4389ad63c838376f221db13621a179ef5cf57a0?s=96&d=mm&r=g","contentUrl":"https:\/\/secure.gravatar.com\/avatar\/8e28c816cd54ef531c1ecd2be4389ad63c838376f221db13621a179ef5cf57a0?s=96&d=mm&r=g","caption":"Joaquin"}}]}},"_links":{"self":[{"href":"https:\/\/vistiendobebes.com\/it\/wp-json\/wp\/v2\/posts\/67634","targetHints":{"allow":["GET"]}}],"collection":[{"href":"https:\/\/vistiendobebes.com\/it\/wp-json\/wp\/v2\/posts"}],"about":[{"href":"https:\/\/vistiendobebes.com\/it\/wp-json\/wp\/v2\/types\/post"}],"author":[{"embeddable":true,"href":"https:\/\/vistiendobebes.com\/it\/wp-json\/wp\/v2\/users\/2"}],"replies":[{"embeddable":true,"href":"https:\/\/vistiendobebes.com\/it\/wp-json\/wp\/v2\/comments?post=67634"}],"version-history":[{"count":0,"href":"https:\/\/vistiendobebes.com\/it\/wp-json\/wp\/v2\/posts\/67634\/revisions"}],"wp:featuredmedia":[{"embeddable":true,"href":"https:\/\/vistiendobebes.com\/it\/wp-json\/wp\/v2\/media\/67643"}],"wp:attachment":[{"href":"https:\/\/vistiendobebes.com\/it\/wp-json\/wp\/v2\/media?parent=67634"}],"wp:term":[{"taxonomy":"category","embeddable":true,"href":"https:\/\/vistiendobebes.com\/it\/wp-json\/wp\/v2\/categories?post=67634"},{"taxonomy":"post_tag","embeddable":true,"href":"https:\/\/vistiendobebes.com\/it\/wp-json\/wp\/v2\/tags?post=67634"}],"curies":[{"name":"wp","href":"https:\/\/api.w.org\/{rel}","templated":true}]}}