{"id":35710,"date":"2023-07-28T09:42:02","date_gmt":"2023-07-28T07:42:02","guid":{"rendered":"https:\/\/vistiendobebes.com\/la-moda-infantil-mas-adorable\/"},"modified":"2025-01-31T16:17:42","modified_gmt":"2025-01-31T15:17:42","slug":"la-moda-per-bambini-piu-adorabile","status":"publish","type":"post","link":"https:\/\/vistiendobebes.com\/it\/la-moda-per-bambini-piu-adorabile\/","title":{"rendered":"La moda per bambini pi\u00f9 adorabile"},"content":{"rendered":"<p>Oggi, da Juliana, vogliamo parlarvi della moda per bambini pi\u00f9 adorabile di questa stagione, con un&#8217;attenzione particolare ai nostri beb\u00e8. La nostra collezione di abbigliamento per neonati \u00e8 una combinazione perfetta di morbidezza, stile e comfort.<\/p>\n<h2>Adorabile moda per bambini: morbidezza e stile<\/h2>\n<p>Noi di Juliana crediamo che i nostri bambini meritino il meglio. Ecco perch\u00e9 le nostre collezioni di abbigliamento per neonati e bambini sono progettate con il massimo dell&#8217;amore e della cura. In particolare, vi parleremo della <a href=\"https:\/\/vistiendobebes.com\/it\/portfolio\/collezione-saona\/\">Collezione Saona<\/a>, della <a href=\"https:\/\/vistiendobebes.com\/it\/portfolio\/collezione-carboeiro\/\">Collezione Carboeiro<\/a>, della <a href=\"https:\/\/vistiendobebes.com\/it\/portfolio\/collezione-migjorn\/\">Collezione Migjorn<\/a> e della <a href=\"https:\/\/vistiendobebes.com\/it\/portfolio\/collezione-caleta\/\">Collezione Caleta<\/a>.<\/p>\n<h3>Maglieria: comfort e calore<\/h3>\n<p>I nostri completi a maglia per neonati sono all&#8217;insegna della tenerezza. E parlando della moda per bambini pi\u00f9 adorabile, non potevamo prescindere dai nostri capi per eccellenza. Realizzati con i materiali pi\u00f9 morbidi e caldi, questi completini sono ideali per la cura e il comfort dei nostri piccoli. Inoltre, con un&#8217;ampia variet\u00e0 di stampe e texture: cuori, volant di pizzo, rombi, colletti bianchi&#8230;<\/p>\n<p>&nbsp;<\/p>\n\n\t\t\t<style>\n\t\t\t\t#gallery-1 {\n\t\t\t\t\tmargin: auto;\n\t\t\t\t}\n\t\t\t\t#gallery-1 .gallery-item {\n\t\t\t\t\tfloat: left;\n\t\t\t\t\tmargin-top: 10px;\n\t\t\t\t\ttext-align: center;\n\t\t\t\t\twidth: 25%;\n\t\t\t\t}\n\t\t\t\t#gallery-1 img {\n\t\t\t\t\tmax-width:100%;\n\t\t\t\t}\n\t\t\t\t#gallery-1 .gallery-caption {\n\t\t\t\t\tmargin-left: 0;\n\t\t\t\t}\n\t\t\t<\/style>\n\t\t<div id='gallery-1' class='gallery galleryid-35710 wd-justified-gallery gallery-columns-4 gallery-size-medium'>\n\t\t\t\t\t<a title=\"JULIANA_224018_v1 copia\"  href='https:\/\/vistiendobebes.com\/wp-content\/uploads\/2023\/07\/JULIANA_224018_v1-copia.jpg'><img loading=\"lazy\" decoding=\"async\" width=\"300\" height=\"300\" src=\"https:\/\/vistiendobebes.com\/wp-content\/uploads\/2023\/07\/JULIANA_224018_v1-copia-300x300.jpg\" class=\"attachment-medium size-medium\" alt=\"La moda per bambini pi\u00f9 adorabile\" aria-describedby=\"gallery-1-35652\" srcset=\"https:\/\/vistiendobebes.com\/wp-content\/uploads\/2023\/07\/JULIANA_224018_v1-copia-300x300.jpg 300w, https:\/\/vistiendobebes.com\/wp-content\/uploads\/2023\/07\/JULIANA_224018_v1-copia-150x150.jpg 150w, https:\/\/vistiendobebes.com\/wp-content\/uploads\/2023\/07\/JULIANA_224018_v1-copia-768x768.jpg 768w, https:\/\/vistiendobebes.com\/wp-content\/uploads\/2023\/07\/JULIANA_224018_v1-copia.jpg 1000w\" sizes=\"auto, (max-width: 300px) 100vw, 300px\" \/><\/a>\n\t\t\t\t\t<a title=\"JULIANA_222882_v2 copia\"  href='https:\/\/vistiendobebes.com\/wp-content\/uploads\/2023\/07\/JULIANA_222882_v2-copia.jpg'><img loading=\"lazy\" decoding=\"async\" width=\"300\" height=\"300\" src=\"https:\/\/vistiendobebes.com\/wp-content\/uploads\/2023\/07\/JULIANA_222882_v2-copia-300x300.jpg\" class=\"attachment-medium size-medium\" alt=\"\" aria-describedby=\"gallery-1-35656\" srcset=\"https:\/\/vistiendobebes.com\/wp-content\/uploads\/2023\/07\/JULIANA_222882_v2-copia-300x300.jpg 300w, https:\/\/vistiendobebes.com\/wp-content\/uploads\/2023\/07\/JULIANA_222882_v2-copia-150x150.jpg 150w, https:\/\/vistiendobebes.com\/wp-content\/uploads\/2023\/07\/JULIANA_222882_v2-copia-768x768.jpg 768w, https:\/\/vistiendobebes.com\/wp-content\/uploads\/2023\/07\/JULIANA_222882_v2-copia.jpg 1000w\" sizes=\"auto, (max-width: 300px) 100vw, 300px\" \/><\/a>\n\t\t\t\t\t<a title=\"JULIANA_223406_v2 copiaF copia\"  href='https:\/\/vistiendobebes.com\/wp-content\/uploads\/2023\/07\/JULIANA_223406_v2-copiaF-copia.jpg'><img loading=\"lazy\" decoding=\"async\" width=\"300\" height=\"300\" src=\"https:\/\/vistiendobebes.com\/wp-content\/uploads\/2023\/07\/JULIANA_223406_v2-copiaF-copia-300x300.jpg\" class=\"attachment-medium size-medium\" alt=\"\" aria-describedby=\"gallery-1-35636\" srcset=\"https:\/\/vistiendobebes.com\/wp-content\/uploads\/2023\/07\/JULIANA_223406_v2-copiaF-copia-300x300.jpg 300w, https:\/\/vistiendobebes.com\/wp-content\/uploads\/2023\/07\/JULIANA_223406_v2-copiaF-copia-150x150.jpg 150w, https:\/\/vistiendobebes.com\/wp-content\/uploads\/2023\/07\/JULIANA_223406_v2-copiaF-copia-768x768.jpg 768w, https:\/\/vistiendobebes.com\/wp-content\/uploads\/2023\/07\/JULIANA_223406_v2-copiaF-copia.jpg 1000w\" sizes=\"auto, (max-width: 300px) 100vw, 300px\" \/><\/a>\n\t\t\t\t\t<a title=\"JULIANA_224138_v2F copia\"  href='https:\/\/vistiendobebes.com\/wp-content\/uploads\/2023\/07\/JULIANA_224138_v2F-copia.jpg'><img loading=\"lazy\" decoding=\"async\" width=\"300\" height=\"300\" src=\"https:\/\/vistiendobebes.com\/wp-content\/uploads\/2023\/07\/JULIANA_224138_v2F-copia-300x300.jpg\" class=\"attachment-medium size-medium\" alt=\"La moda per bambini pi\u00f9 adorabile\" aria-describedby=\"gallery-1-35692\" srcset=\"https:\/\/vistiendobebes.com\/wp-content\/uploads\/2023\/07\/JULIANA_224138_v2F-copia-300x300.jpg 300w, https:\/\/vistiendobebes.com\/wp-content\/uploads\/2023\/07\/JULIANA_224138_v2F-copia-150x150.jpg 150w, https:\/\/vistiendobebes.com\/wp-content\/uploads\/2023\/07\/JULIANA_224138_v2F-copia-768x768.jpg 768w, https:\/\/vistiendobebes.com\/wp-content\/uploads\/2023\/07\/JULIANA_224138_v2F-copia.jpg 1000w\" sizes=\"auto, (max-width: 300px) 100vw, 300px\" \/><\/a>\n\t\t\t<\/div>\n\n<h3>Colori tenui e piacevoli: la dolcezza in ogni capo<\/h3>\n<p>I colori tenui e piacevoli sono una caratteristica distintiva della nostra moda per bambini. Tinte tenui come il beige, il bianco, l&#8217;azzurro, il verde acqua o il rosa dolce, tra gli altri. I nostri capi riflettono la dolcezza e l&#8217;innocenza dell&#8217;infanzia.<\/p>\n<h2>Accessori per bambini: i dettagli fanno la differenza<\/h2>\n<p>Non possiamo parlare della moda per bambini pi\u00f9 adorabile senza menzionare gli accessori. Berretti, scarpine, uno scialle per ogni collezione&#8230;. Ogni dettaglio aggiunge un tocco di fascino in pi\u00f9 agli outfit dei pi\u00f9 piccoli.<\/p>\n\n\t\t\t<style>\n\t\t\t\t#gallery-2 {\n\t\t\t\t\tmargin: auto;\n\t\t\t\t}\n\t\t\t\t#gallery-2 .gallery-item {\n\t\t\t\t\tfloat: left;\n\t\t\t\t\tmargin-top: 10px;\n\t\t\t\t\ttext-align: center;\n\t\t\t\t\twidth: 25%;\n\t\t\t\t}\n\t\t\t\t#gallery-2 img {\n\t\t\t\t\tmax-width:100%;\n\t\t\t\t}\n\t\t\t\t#gallery-2 .gallery-caption {\n\t\t\t\t\tmargin-left: 0;\n\t\t\t\t}\n\t\t\t<\/style>\n\t\t<div id='gallery-2' class='gallery galleryid-35710 wd-justified-gallery gallery-columns-4 gallery-size-medium'>\n\t\t\t\t\t<a title=\"SAONA-JULIANA\"  href='https:\/\/vistiendobebes.com\/wp-content\/uploads\/2023\/07\/SAONA-JULIANA.jpg'><img loading=\"lazy\" decoding=\"async\" width=\"300\" height=\"300\" src=\"https:\/\/vistiendobebes.com\/wp-content\/uploads\/2023\/07\/SAONA-JULIANA-300x300.jpg\" class=\"attachment-medium size-medium\" alt=\"La moda per bambini pi\u00f9 adorabile\" srcset=\"https:\/\/vistiendobebes.com\/wp-content\/uploads\/2023\/07\/SAONA-JULIANA-300x300.jpg 300w, https:\/\/vistiendobebes.com\/wp-content\/uploads\/2023\/07\/SAONA-JULIANA-150x150.jpg 150w, https:\/\/vistiendobebes.com\/wp-content\/uploads\/2023\/07\/SAONA-JULIANA-768x768.jpg 768w, https:\/\/vistiendobebes.com\/wp-content\/uploads\/2023\/07\/SAONA-JULIANA.jpg 842w\" sizes=\"auto, (max-width: 300px) 100vw, 300px\" \/><\/a>\n\t\t\t\t\t<a title=\"CARBOEIRO-JULIANA\"  href='https:\/\/vistiendobebes.com\/wp-content\/uploads\/2023\/07\/CARBOEIRO-JULIANA.jpg'><img loading=\"lazy\" decoding=\"async\" width=\"300\" height=\"300\" src=\"https:\/\/vistiendobebes.com\/wp-content\/uploads\/2023\/07\/CARBOEIRO-JULIANA-300x300.jpg\" class=\"attachment-medium size-medium\" alt=\"\" srcset=\"https:\/\/vistiendobebes.com\/wp-content\/uploads\/2023\/07\/CARBOEIRO-JULIANA-300x300.jpg 300w, https:\/\/vistiendobebes.com\/wp-content\/uploads\/2023\/07\/CARBOEIRO-JULIANA-150x150.jpg 150w, https:\/\/vistiendobebes.com\/wp-content\/uploads\/2023\/07\/CARBOEIRO-JULIANA-768x768.jpg 768w, https:\/\/vistiendobebes.com\/wp-content\/uploads\/2023\/07\/CARBOEIRO-JULIANA.jpg 842w\" sizes=\"auto, (max-width: 300px) 100vw, 300px\" \/><\/a>\n\t\t\t\t\t<a title=\"MIGJORN-JULIANA\"  href='https:\/\/vistiendobebes.com\/wp-content\/uploads\/2023\/07\/MIGJORN-JULIANA.jpg'><img loading=\"lazy\" decoding=\"async\" width=\"300\" height=\"300\" src=\"https:\/\/vistiendobebes.com\/wp-content\/uploads\/2023\/07\/MIGJORN-JULIANA-300x300.jpg\" class=\"attachment-medium size-medium\" alt=\"\" srcset=\"https:\/\/vistiendobebes.com\/wp-content\/uploads\/2023\/07\/MIGJORN-JULIANA-300x300.jpg 300w, https:\/\/vistiendobebes.com\/wp-content\/uploads\/2023\/07\/MIGJORN-JULIANA-150x150.jpg 150w, https:\/\/vistiendobebes.com\/wp-content\/uploads\/2023\/07\/MIGJORN-JULIANA-768x768.jpg 768w, https:\/\/vistiendobebes.com\/wp-content\/uploads\/2023\/07\/MIGJORN-JULIANA.jpg 842w\" sizes=\"auto, (max-width: 300px) 100vw, 300px\" \/><\/a>\n\t\t\t\t\t<a title=\"CALETA-JULIANA\"  href='https:\/\/vistiendobebes.com\/wp-content\/uploads\/2023\/07\/CALETA-JULIANA.jpg'><img loading=\"lazy\" decoding=\"async\" width=\"300\" height=\"300\" src=\"https:\/\/vistiendobebes.com\/wp-content\/uploads\/2023\/07\/CALETA-JULIANA-300x300.jpg\" class=\"attachment-medium size-medium\" alt=\"La moda per bambini pi\u00f9 adorabile\" srcset=\"https:\/\/vistiendobebes.com\/wp-content\/uploads\/2023\/07\/CALETA-JULIANA-300x300.jpg 300w, https:\/\/vistiendobebes.com\/wp-content\/uploads\/2023\/07\/CALETA-JULIANA-150x150.jpg 150w, https:\/\/vistiendobebes.com\/wp-content\/uploads\/2023\/07\/CALETA-JULIANA-768x768.jpg 768w, https:\/\/vistiendobebes.com\/wp-content\/uploads\/2023\/07\/CALETA-JULIANA.jpg 842w\" sizes=\"auto, (max-width: 300px) 100vw, 300px\" \/><\/a>\n\t\t\t<\/div>\n\n<h3>La moda per bambini pi\u00f9 adorabile: i berretti coordinati<\/h3>\n<p>I nostri cappelli per bambini non sono solo adorabili, ma anche pratici. Realizzati con tessuti morbidi e confortevoli, garantiscono la protezione necessaria mantenendo lo stile unico di Juliana.<\/p>\n\n\t\t\t<style>\n\t\t\t\t#gallery-3 {\n\t\t\t\t\tmargin: auto;\n\t\t\t\t}\n\t\t\t\t#gallery-3 .gallery-item {\n\t\t\t\t\tfloat: left;\n\t\t\t\t\tmargin-top: 10px;\n\t\t\t\t\ttext-align: center;\n\t\t\t\t\twidth: 25%;\n\t\t\t\t}\n\t\t\t\t#gallery-3 img {\n\t\t\t\t\tmax-width:100%;\n\t\t\t\t}\n\t\t\t\t#gallery-3 .gallery-caption {\n\t\t\t\t\tmargin-left: 0;\n\t\t\t\t}\n\t\t\t<\/style>\n\t\t<div id='gallery-3' class='gallery galleryid-35710 wd-justified-gallery gallery-columns-4 gallery-size-medium'>\n\t\t\t\t\t<a title=\"068_Juliana copia\"  href='https:\/\/vistiendobebes.com\/wp-content\/uploads\/2023\/07\/068_Juliana-copia.jpg'><img loading=\"lazy\" decoding=\"async\" width=\"300\" height=\"300\" src=\"https:\/\/vistiendobebes.com\/wp-content\/uploads\/2023\/07\/068_Juliana-copia-300x300.jpg\" class=\"attachment-medium size-medium\" alt=\"La moda per bambini pi\u00f9 adorabile\" aria-describedby=\"gallery-3-35644\" srcset=\"https:\/\/vistiendobebes.com\/wp-content\/uploads\/2023\/07\/068_Juliana-copia-300x300.jpg 300w, https:\/\/vistiendobebes.com\/wp-content\/uploads\/2023\/07\/068_Juliana-copia-150x150.jpg 150w, https:\/\/vistiendobebes.com\/wp-content\/uploads\/2023\/07\/068_Juliana-copia-768x768.jpg 768w, https:\/\/vistiendobebes.com\/wp-content\/uploads\/2023\/07\/068_Juliana-copia.jpg 842w\" sizes=\"auto, (max-width: 300px) 100vw, 300px\" \/><\/a>\n\t\t\t\t\t<a title=\"357_Juliana copia\"  href='https:\/\/vistiendobebes.com\/wp-content\/uploads\/2023\/07\/357_Juliana-copia.jpg'><img loading=\"lazy\" decoding=\"async\" width=\"300\" height=\"300\" src=\"https:\/\/vistiendobebes.com\/wp-content\/uploads\/2023\/07\/357_Juliana-copia-300x300.jpg\" class=\"attachment-medium size-medium\" alt=\"\" aria-describedby=\"gallery-3-35612\" srcset=\"https:\/\/vistiendobebes.com\/wp-content\/uploads\/2023\/07\/357_Juliana-copia-300x300.jpg 300w, https:\/\/vistiendobebes.com\/wp-content\/uploads\/2023\/07\/357_Juliana-copia-150x150.jpg 150w, https:\/\/vistiendobebes.com\/wp-content\/uploads\/2023\/07\/357_Juliana-copia-768x768.jpg 768w, https:\/\/vistiendobebes.com\/wp-content\/uploads\/2023\/07\/357_Juliana-copia.jpg 842w\" sizes=\"auto, (max-width: 300px) 100vw, 300px\" \/><\/a>\n\t\t\t\t\t<a title=\"472_Juliana copia\"  href='https:\/\/vistiendobebes.com\/wp-content\/uploads\/2023\/07\/472_Juliana-copia.jpg'><img loading=\"lazy\" decoding=\"async\" width=\"300\" height=\"300\" src=\"https:\/\/vistiendobebes.com\/wp-content\/uploads\/2023\/07\/472_Juliana-copia-300x300.jpg\" class=\"attachment-medium size-medium\" alt=\"\" aria-describedby=\"gallery-3-35628\" srcset=\"https:\/\/vistiendobebes.com\/wp-content\/uploads\/2023\/07\/472_Juliana-copia-300x300.jpg 300w, https:\/\/vistiendobebes.com\/wp-content\/uploads\/2023\/07\/472_Juliana-copia-150x150.jpg 150w, https:\/\/vistiendobebes.com\/wp-content\/uploads\/2023\/07\/472_Juliana-copia-768x768.jpg 768w, https:\/\/vistiendobebes.com\/wp-content\/uploads\/2023\/07\/472_Juliana-copia.jpg 842w\" sizes=\"auto, (max-width: 300px) 100vw, 300px\" \/><\/a>\n\t\t\t\t\t<a title=\"056_Juliana copia\"  href='https:\/\/vistiendobebes.com\/wp-content\/uploads\/2023\/07\/056_Juliana-copia.jpg'><img loading=\"lazy\" decoding=\"async\" width=\"300\" height=\"300\" src=\"https:\/\/vistiendobebes.com\/wp-content\/uploads\/2023\/07\/056_Juliana-copia-300x300.jpg\" class=\"attachment-medium size-medium\" alt=\"La moda per bambini pi\u00f9 adorabile\" aria-describedby=\"gallery-3-35688\" srcset=\"https:\/\/vistiendobebes.com\/wp-content\/uploads\/2023\/07\/056_Juliana-copia-300x300.jpg 300w, https:\/\/vistiendobebes.com\/wp-content\/uploads\/2023\/07\/056_Juliana-copia-150x150.jpg 150w, https:\/\/vistiendobebes.com\/wp-content\/uploads\/2023\/07\/056_Juliana-copia-768x768.jpg 768w, https:\/\/vistiendobebes.com\/wp-content\/uploads\/2023\/07\/056_Juliana-copia.jpg 842w\" sizes=\"auto, (max-width: 300px) 100vw, 300px\" \/><\/a>\n\t\t\t<\/div>\n\n<h2>L&#8217;ultima moda per i bambini<\/h2>\n<p>Noi di Juliana siamo sempre al passo con le ultime tendenze della moda per bambini. I nostri capi sono comodi, attraenti e alla moda, rendendo il vestire i bambini con stile un compito semplice e piacevole.<\/p>\n<p>Ogni capo riflette il nostro impegno per la qualit\u00e0 e lo stile. Con Juliana, potete essere certi che il vostro bambino sar\u00e0 sempre adorabile e comodo.<\/p>\n<p>Esplorate le nostre collezioni di abbigliamento per bambini Juliana e scoprite la gioia di vestire i vostri piccoli con stile: non c&#8217;\u00e8 niente di pi\u00f9 gratificante che vedere il vostro bambino indossare le tendenze della moda per bambini pi\u00f9 adorabili della stagione!<\/p>\n","protected":false},"excerpt":{"rendered":"<p>Oggi, da Juliana, vogliamo parlarvi della moda per bambini pi\u00f9 adorabile di questa stagione, con un&#8217;attenzione particolare ai nostri beb\u00e8.<\/p>\n","protected":false},"author":2,"featured_media":35712,"comment_status":"closed","ping_status":"open","sticky":false,"template":"","format":"standard","meta":{"footnotes":""},"categories":[422],"tags":[],"class_list":["post-35710","post","type-post","status-publish","format-standard","has-post-thumbnail","hentry","category-moda-per-bambini"],"yoast_head":"<!-- This site is optimized with the Yoast SEO plugin v27.4 - https:\/\/yoast.com\/product\/yoast-seo-wordpress\/ -->\n<title>La moda per bambini pi\u00f9 adorabile - Juliana Vistiendo Beb\u00e9s<\/title>\n<meta name=\"description\" content=\"Scoprite la moda per bambini pi\u00f9 adorabile di questa stagione: la nostra priorit\u00e0 \u00e8 che i bambini e i ragazzi siano comodi e alla moda!\" \/>\n<meta name=\"robots\" content=\"index, follow, max-snippet:-1, max-image-preview:large, max-video-preview:-1\" \/>\n<link rel=\"canonical\" href=\"https:\/\/vistiendobebes.com\/it\/la-moda-per-bambini-piu-adorabile\/\" \/>\n<meta property=\"og:locale\" content=\"it_IT\" \/>\n<meta property=\"og:type\" content=\"article\" \/>\n<meta property=\"og:title\" content=\"La moda per bambini pi\u00f9 adorabile - Juliana Vistiendo Beb\u00e9s\" \/>\n<meta property=\"og:description\" content=\"Scoprite la moda per bambini pi\u00f9 adorabile di questa stagione: la nostra priorit\u00e0 \u00e8 che i bambini e i ragazzi siano comodi e alla moda!\" \/>\n<meta property=\"og:url\" content=\"https:\/\/vistiendobebes.com\/it\/la-moda-per-bambini-piu-adorabile\/\" \/>\n<meta property=\"og:site_name\" content=\"Juliana Vistiendo Beb\u00e9s\" \/>\n<meta property=\"article:publisher\" content=\"https:\/\/www.facebook.com\/julianavistiendobebes\" \/>\n<meta property=\"article:published_time\" content=\"2023-07-28T07:42:02+00:00\" \/>\n<meta property=\"article:modified_time\" content=\"2025-01-31T15:17:42+00:00\" \/>\n<meta property=\"og:image\" content=\"https:\/\/vistiendobebes.com\/wp-content\/uploads\/2023\/07\/Moda-espanola-para-bebes-5.png\" \/>\n\t<meta property=\"og:image:width\" content=\"1120\" \/>\n\t<meta property=\"og:image:height\" content=\"550\" \/>\n\t<meta property=\"og:image:type\" content=\"image\/png\" \/>\n<meta name=\"author\" content=\"Joaquin\" \/>\n<meta name=\"twitter:card\" content=\"summary_large_image\" \/>\n<meta name=\"twitter:label1\" content=\"Scritto da\" \/>\n\t<meta name=\"twitter:data1\" content=\"Joaquin\" \/>\n\t<meta name=\"twitter:label2\" content=\"Tempo di lettura stimato\" \/>\n\t<meta name=\"twitter:data2\" content=\"2 minuti\" \/>\n<script type=\"application\/ld+json\" class=\"yoast-schema-graph\">{\"@context\":\"https:\\\/\\\/schema.org\",\"@graph\":[{\"@type\":\"Article\",\"@id\":\"https:\\\/\\\/vistiendobebes.com\\\/it\\\/la-moda-per-bambini-piu-adorabile\\\/#article\",\"isPartOf\":{\"@id\":\"https:\\\/\\\/vistiendobebes.com\\\/it\\\/la-moda-per-bambini-piu-adorabile\\\/\"},\"author\":{\"name\":\"Joaquin\",\"@id\":\"https:\\\/\\\/vistiendobebes.com\\\/it\\\/#\\\/schema\\\/person\\\/76b9ff2be80bf0f4f9b7d41be6884e5c\"},\"headline\":\"La moda per bambini pi\u00f9 adorabile\",\"datePublished\":\"2023-07-28T07:42:02+00:00\",\"dateModified\":\"2025-01-31T15:17:42+00:00\",\"mainEntityOfPage\":{\"@id\":\"https:\\\/\\\/vistiendobebes.com\\\/it\\\/la-moda-per-bambini-piu-adorabile\\\/\"},\"wordCount\":425,\"publisher\":{\"@id\":\"https:\\\/\\\/vistiendobebes.com\\\/it\\\/#organization\"},\"image\":{\"@id\":\"https:\\\/\\\/vistiendobebes.com\\\/it\\\/la-moda-per-bambini-piu-adorabile\\\/#primaryimage\"},\"thumbnailUrl\":\"https:\\\/\\\/vistiendobebes.com\\\/wp-content\\\/uploads\\\/2023\\\/07\\\/Moda-espanola-para-bebes-5.png\",\"articleSection\":[\"moda per bambini\"],\"inLanguage\":\"it-IT\"},{\"@type\":\"WebPage\",\"@id\":\"https:\\\/\\\/vistiendobebes.com\\\/it\\\/la-moda-per-bambini-piu-adorabile\\\/\",\"url\":\"https:\\\/\\\/vistiendobebes.com\\\/it\\\/la-moda-per-bambini-piu-adorabile\\\/\",\"name\":\"La moda per bambini pi\u00f9 adorabile - Juliana Vistiendo Beb\u00e9s\",\"isPartOf\":{\"@id\":\"https:\\\/\\\/vistiendobebes.com\\\/it\\\/#website\"},\"primaryImageOfPage\":{\"@id\":\"https:\\\/\\\/vistiendobebes.com\\\/it\\\/la-moda-per-bambini-piu-adorabile\\\/#primaryimage\"},\"image\":{\"@id\":\"https:\\\/\\\/vistiendobebes.com\\\/it\\\/la-moda-per-bambini-piu-adorabile\\\/#primaryimage\"},\"thumbnailUrl\":\"https:\\\/\\\/vistiendobebes.com\\\/wp-content\\\/uploads\\\/2023\\\/07\\\/Moda-espanola-para-bebes-5.png\",\"datePublished\":\"2023-07-28T07:42:02+00:00\",\"dateModified\":\"2025-01-31T15:17:42+00:00\",\"description\":\"Scoprite la moda per bambini pi\u00f9 adorabile di questa stagione: la nostra priorit\u00e0 \u00e8 che i bambini e i ragazzi siano comodi e alla moda!\",\"breadcrumb\":{\"@id\":\"https:\\\/\\\/vistiendobebes.com\\\/it\\\/la-moda-per-bambini-piu-adorabile\\\/#breadcrumb\"},\"inLanguage\":\"it-IT\",\"potentialAction\":[{\"@type\":\"ReadAction\",\"target\":[\"https:\\\/\\\/vistiendobebes.com\\\/it\\\/la-moda-per-bambini-piu-adorabile\\\/\"]}]},{\"@type\":\"ImageObject\",\"inLanguage\":\"it-IT\",\"@id\":\"https:\\\/\\\/vistiendobebes.com\\\/it\\\/la-moda-per-bambini-piu-adorabile\\\/#primaryimage\",\"url\":\"https:\\\/\\\/vistiendobebes.com\\\/wp-content\\\/uploads\\\/2023\\\/07\\\/Moda-espanola-para-bebes-5.png\",\"contentUrl\":\"https:\\\/\\\/vistiendobebes.com\\\/wp-content\\\/uploads\\\/2023\\\/07\\\/Moda-espanola-para-bebes-5.png\",\"width\":1120,\"height\":550,\"caption\":\"La moda per bambini pi\u00f9 adorabile\"},{\"@type\":\"BreadcrumbList\",\"@id\":\"https:\\\/\\\/vistiendobebes.com\\\/it\\\/la-moda-per-bambini-piu-adorabile\\\/#breadcrumb\",\"itemListElement\":[{\"@type\":\"ListItem\",\"position\":1,\"name\":\"Portada\",\"item\":\"https:\\\/\\\/vistiendobebes.com\\\/it\\\/\"},{\"@type\":\"ListItem\",\"position\":2,\"name\":\"La moda per bambini pi\u00f9 adorabile\"}]},{\"@type\":\"WebSite\",\"@id\":\"https:\\\/\\\/vistiendobebes.com\\\/it\\\/#website\",\"url\":\"https:\\\/\\\/vistiendobebes.com\\\/it\\\/\",\"name\":\"Juliana Vistiendo Beb\u00e9s\",\"description\":\"Marca de moda infantil\",\"publisher\":{\"@id\":\"https:\\\/\\\/vistiendobebes.com\\\/it\\\/#organization\"},\"potentialAction\":[{\"@type\":\"SearchAction\",\"target\":{\"@type\":\"EntryPoint\",\"urlTemplate\":\"https:\\\/\\\/vistiendobebes.com\\\/it\\\/?s={search_term_string}\"},\"query-input\":{\"@type\":\"PropertyValueSpecification\",\"valueRequired\":true,\"valueName\":\"search_term_string\"}}],\"inLanguage\":\"it-IT\"},{\"@type\":\"Organization\",\"@id\":\"https:\\\/\\\/vistiendobebes.com\\\/it\\\/#organization\",\"name\":\"Juliana, Vistiendo Beb\u00e9s\",\"url\":\"https:\\\/\\\/vistiendobebes.com\\\/it\\\/\",\"logo\":{\"@type\":\"ImageObject\",\"inLanguage\":\"it-IT\",\"@id\":\"https:\\\/\\\/vistiendobebes.com\\\/it\\\/#\\\/schema\\\/logo\\\/image\\\/\",\"url\":\"https:\\\/\\\/vistiendobebes.com\\\/wp-content\\\/uploads\\\/2021\\\/07\\\/marca-juliana.png\",\"contentUrl\":\"https:\\\/\\\/vistiendobebes.com\\\/wp-content\\\/uploads\\\/2021\\\/07\\\/marca-juliana.png\",\"width\":909,\"height\":907,\"caption\":\"Juliana, Vistiendo Beb\u00e9s\"},\"image\":{\"@id\":\"https:\\\/\\\/vistiendobebes.com\\\/it\\\/#\\\/schema\\\/logo\\\/image\\\/\"},\"sameAs\":[\"https:\\\/\\\/www.facebook.com\\\/julianavistiendobebes\",\"https:\\\/\\\/www.instagram.com\\\/julianavistiendobebes\\\/\",\"https:\\\/\\\/www.youtube.com\\\/channel\\\/UCHaSPwnyKbcQ1Ppzf2roteA\"]},{\"@type\":\"Person\",\"@id\":\"https:\\\/\\\/vistiendobebes.com\\\/it\\\/#\\\/schema\\\/person\\\/76b9ff2be80bf0f4f9b7d41be6884e5c\",\"name\":\"Joaquin\",\"image\":{\"@type\":\"ImageObject\",\"inLanguage\":\"it-IT\",\"@id\":\"https:\\\/\\\/secure.gravatar.com\\\/avatar\\\/8e28c816cd54ef531c1ecd2be4389ad63c838376f221db13621a179ef5cf57a0?s=96&d=mm&r=g\",\"url\":\"https:\\\/\\\/secure.gravatar.com\\\/avatar\\\/8e28c816cd54ef531c1ecd2be4389ad63c838376f221db13621a179ef5cf57a0?s=96&d=mm&r=g\",\"contentUrl\":\"https:\\\/\\\/secure.gravatar.com\\\/avatar\\\/8e28c816cd54ef531c1ecd2be4389ad63c838376f221db13621a179ef5cf57a0?s=96&d=mm&r=g\",\"caption\":\"Joaquin\"}}]}<\/script>\n<!-- \/ Yoast SEO plugin. -->","yoast_head_json":{"title":"La moda per bambini pi\u00f9 adorabile - Juliana Vistiendo Beb\u00e9s","description":"Scoprite la moda per bambini pi\u00f9 adorabile di questa stagione: la nostra priorit\u00e0 \u00e8 che i bambini e i ragazzi siano comodi e alla moda!","robots":{"index":"index","follow":"follow","max-snippet":"max-snippet:-1","max-image-preview":"max-image-preview:large","max-video-preview":"max-video-preview:-1"},"canonical":"https:\/\/vistiendobebes.com\/it\/la-moda-per-bambini-piu-adorabile\/","og_locale":"it_IT","og_type":"article","og_title":"La moda per bambini pi\u00f9 adorabile - Juliana Vistiendo Beb\u00e9s","og_description":"Scoprite la moda per bambini pi\u00f9 adorabile di questa stagione: la nostra priorit\u00e0 \u00e8 che i bambini e i ragazzi siano comodi e alla moda!","og_url":"https:\/\/vistiendobebes.com\/it\/la-moda-per-bambini-piu-adorabile\/","og_site_name":"Juliana Vistiendo Beb\u00e9s","article_publisher":"https:\/\/www.facebook.com\/julianavistiendobebes","article_published_time":"2023-07-28T07:42:02+00:00","article_modified_time":"2025-01-31T15:17:42+00:00","og_image":[{"width":1120,"height":550,"url":"https:\/\/vistiendobebes.com\/wp-content\/uploads\/2023\/07\/Moda-espanola-para-bebes-5.png","type":"image\/png"}],"author":"Joaquin","twitter_card":"summary_large_image","twitter_misc":{"Scritto da":"Joaquin","Tempo di lettura stimato":"2 minuti"},"schema":{"@context":"https:\/\/schema.org","@graph":[{"@type":"Article","@id":"https:\/\/vistiendobebes.com\/it\/la-moda-per-bambini-piu-adorabile\/#article","isPartOf":{"@id":"https:\/\/vistiendobebes.com\/it\/la-moda-per-bambini-piu-adorabile\/"},"author":{"name":"Joaquin","@id":"https:\/\/vistiendobebes.com\/it\/#\/schema\/person\/76b9ff2be80bf0f4f9b7d41be6884e5c"},"headline":"La moda per bambini pi\u00f9 adorabile","datePublished":"2023-07-28T07:42:02+00:00","dateModified":"2025-01-31T15:17:42+00:00","mainEntityOfPage":{"@id":"https:\/\/vistiendobebes.com\/it\/la-moda-per-bambini-piu-adorabile\/"},"wordCount":425,"publisher":{"@id":"https:\/\/vistiendobebes.com\/it\/#organization"},"image":{"@id":"https:\/\/vistiendobebes.com\/it\/la-moda-per-bambini-piu-adorabile\/#primaryimage"},"thumbnailUrl":"https:\/\/vistiendobebes.com\/wp-content\/uploads\/2023\/07\/Moda-espanola-para-bebes-5.png","articleSection":["moda per bambini"],"inLanguage":"it-IT"},{"@type":"WebPage","@id":"https:\/\/vistiendobebes.com\/it\/la-moda-per-bambini-piu-adorabile\/","url":"https:\/\/vistiendobebes.com\/it\/la-moda-per-bambini-piu-adorabile\/","name":"La moda per bambini pi\u00f9 adorabile - Juliana Vistiendo Beb\u00e9s","isPartOf":{"@id":"https:\/\/vistiendobebes.com\/it\/#website"},"primaryImageOfPage":{"@id":"https:\/\/vistiendobebes.com\/it\/la-moda-per-bambini-piu-adorabile\/#primaryimage"},"image":{"@id":"https:\/\/vistiendobebes.com\/it\/la-moda-per-bambini-piu-adorabile\/#primaryimage"},"thumbnailUrl":"https:\/\/vistiendobebes.com\/wp-content\/uploads\/2023\/07\/Moda-espanola-para-bebes-5.png","datePublished":"2023-07-28T07:42:02+00:00","dateModified":"2025-01-31T15:17:42+00:00","description":"Scoprite la moda per bambini pi\u00f9 adorabile di questa stagione: la nostra priorit\u00e0 \u00e8 che i bambini e i ragazzi siano comodi e alla moda!","breadcrumb":{"@id":"https:\/\/vistiendobebes.com\/it\/la-moda-per-bambini-piu-adorabile\/#breadcrumb"},"inLanguage":"it-IT","potentialAction":[{"@type":"ReadAction","target":["https:\/\/vistiendobebes.com\/it\/la-moda-per-bambini-piu-adorabile\/"]}]},{"@type":"ImageObject","inLanguage":"it-IT","@id":"https:\/\/vistiendobebes.com\/it\/la-moda-per-bambini-piu-adorabile\/#primaryimage","url":"https:\/\/vistiendobebes.com\/wp-content\/uploads\/2023\/07\/Moda-espanola-para-bebes-5.png","contentUrl":"https:\/\/vistiendobebes.com\/wp-content\/uploads\/2023\/07\/Moda-espanola-para-bebes-5.png","width":1120,"height":550,"caption":"La moda per bambini pi\u00f9 adorabile"},{"@type":"BreadcrumbList","@id":"https:\/\/vistiendobebes.com\/it\/la-moda-per-bambini-piu-adorabile\/#breadcrumb","itemListElement":[{"@type":"ListItem","position":1,"name":"Portada","item":"https:\/\/vistiendobebes.com\/it\/"},{"@type":"ListItem","position":2,"name":"La moda per bambini pi\u00f9 adorabile"}]},{"@type":"WebSite","@id":"https:\/\/vistiendobebes.com\/it\/#website","url":"https:\/\/vistiendobebes.com\/it\/","name":"Juliana Vistiendo Beb\u00e9s","description":"Marca de moda infantil","publisher":{"@id":"https:\/\/vistiendobebes.com\/it\/#organization"},"potentialAction":[{"@type":"SearchAction","target":{"@type":"EntryPoint","urlTemplate":"https:\/\/vistiendobebes.com\/it\/?s={search_term_string}"},"query-input":{"@type":"PropertyValueSpecification","valueRequired":true,"valueName":"search_term_string"}}],"inLanguage":"it-IT"},{"@type":"Organization","@id":"https:\/\/vistiendobebes.com\/it\/#organization","name":"Juliana, Vistiendo Beb\u00e9s","url":"https:\/\/vistiendobebes.com\/it\/","logo":{"@type":"ImageObject","inLanguage":"it-IT","@id":"https:\/\/vistiendobebes.com\/it\/#\/schema\/logo\/image\/","url":"https:\/\/vistiendobebes.com\/wp-content\/uploads\/2021\/07\/marca-juliana.png","contentUrl":"https:\/\/vistiendobebes.com\/wp-content\/uploads\/2021\/07\/marca-juliana.png","width":909,"height":907,"caption":"Juliana, Vistiendo Beb\u00e9s"},"image":{"@id":"https:\/\/vistiendobebes.com\/it\/#\/schema\/logo\/image\/"},"sameAs":["https:\/\/www.facebook.com\/julianavistiendobebes","https:\/\/www.instagram.com\/julianavistiendobebes\/","https:\/\/www.youtube.com\/channel\/UCHaSPwnyKbcQ1Ppzf2roteA"]},{"@type":"Person","@id":"https:\/\/vistiendobebes.com\/it\/#\/schema\/person\/76b9ff2be80bf0f4f9b7d41be6884e5c","name":"Joaquin","image":{"@type":"ImageObject","inLanguage":"it-IT","@id":"https:\/\/secure.gravatar.com\/avatar\/8e28c816cd54ef531c1ecd2be4389ad63c838376f221db13621a179ef5cf57a0?s=96&d=mm&r=g","url":"https:\/\/secure.gravatar.com\/avatar\/8e28c816cd54ef531c1ecd2be4389ad63c838376f221db13621a179ef5cf57a0?s=96&d=mm&r=g","contentUrl":"https:\/\/secure.gravatar.com\/avatar\/8e28c816cd54ef531c1ecd2be4389ad63c838376f221db13621a179ef5cf57a0?s=96&d=mm&r=g","caption":"Joaquin"}}]}},"_links":{"self":[{"href":"https:\/\/vistiendobebes.com\/it\/wp-json\/wp\/v2\/posts\/35710","targetHints":{"allow":["GET"]}}],"collection":[{"href":"https:\/\/vistiendobebes.com\/it\/wp-json\/wp\/v2\/posts"}],"about":[{"href":"https:\/\/vistiendobebes.com\/it\/wp-json\/wp\/v2\/types\/post"}],"author":[{"embeddable":true,"href":"https:\/\/vistiendobebes.com\/it\/wp-json\/wp\/v2\/users\/2"}],"replies":[{"embeddable":true,"href":"https:\/\/vistiendobebes.com\/it\/wp-json\/wp\/v2\/comments?post=35710"}],"version-history":[{"count":0,"href":"https:\/\/vistiendobebes.com\/it\/wp-json\/wp\/v2\/posts\/35710\/revisions"}],"wp:featuredmedia":[{"embeddable":true,"href":"https:\/\/vistiendobebes.com\/it\/wp-json\/wp\/v2\/media\/35712"}],"wp:attachment":[{"href":"https:\/\/vistiendobebes.com\/it\/wp-json\/wp\/v2\/media?parent=35710"}],"wp:term":[{"taxonomy":"category","embeddable":true,"href":"https:\/\/vistiendobebes.com\/it\/wp-json\/wp\/v2\/categories?post=35710"},{"taxonomy":"post_tag","embeddable":true,"href":"https:\/\/vistiendobebes.com\/it\/wp-json\/wp\/v2\/tags?post=35710"}],"curies":[{"name":"wp","href":"https:\/\/api.w.org\/{rel}","templated":true}]}}